{"id":114,"date":"2008-10-12T10:05:45","date_gmt":"2008-10-12T16:05:45","guid":{"rendered":"http:\/\/kathrinfutter.ch\/blog\/?p=114"},"modified":"2008-10-12T10:05:45","modified_gmt":"2008-10-12T16:05:45","slug":"professoren-ratings","status":"publish","type":"post","link":"http:\/\/kathrinfutter.ch\/blog\/professoren-ratings","title":{"rendered":"Professoren-Ratings"},"content":{"rendered":"<div class=\"twoclick_social_bookmarks_post_114 social_share_privacy clearfix 1.6.4 locale-de_DE sprite-de_DE\"><\/div><div class=\"twoclick-js\"><script type=\"text\/javascript\">\/* <![CDATA[ *\/\njQuery(document).ready(function($){if($('.twoclick_social_bookmarks_post_114')){$('.twoclick_social_bookmarks_post_114').socialSharePrivacy({\"txt_help\":\"Wenn Sie diese Felder durch einen Klick aktivieren, werden Informationen an Facebook, Twitter, Flattr, Xing, t3n, LinkedIn, Pinterest oder Google eventuell ins Ausland \\u00fcbertragen und unter Umst\\u00e4nden auch dort gespeichert. N\\u00e4heres erfahren Sie durch einen Klick auf das <em>i<\\\/em>.\",\"settings_perma\":\"Dauerhaft aktivieren und Daten\\u00fcber-tragung zustimmen:\",\"info_link\":\"http:\\\/\\\/www.heise.de\\\/ct\\\/artikel\\\/2-Klicks-fuer-mehr-Datenschutz-1333879.html\",\"uri\":\"http:\\\/\\\/kathrinfutter.ch\\\/blog\\\/professoren-ratings\",\"post_id\":114,\"post_title_referrer_track\":\"Professoren-Ratings\",\"display_infobox\":\"on\"});}});\n\/* ]]> *\/<\/script><\/div><p>In der heutigen Sonntagsausgabe der NZZ auf der w\u00f6chentlichen Seite f\u00fcr Studium und Karriere ver\u00f6ffentlichte Sarah Genner einen Beitrag mit dem Titel: \u00abFragw\u00fcrdige Kriterien entkr\u00e4ften Professoren-Ratings\u00bb (<a href=\"http:\/\/info.nzzcampus.ch\/informationen\/vorschau-auf-woechentliche-seite-vom-1112102008.html\" target=\"_blank\">hier<\/a>).<\/p>\n<p><span class=\"Apple-style-span\" style=\"color: #0000ee; text-decoration: underline\"><a href=\"http:\/\/info.nzzcampus.ch\/informationen\/vorschau-auf-woechentliche-seite-vom-1112102008.html\" title=\"NZZ-Ratings\" target=\"_blank\"><img decoding=\"async\" src=\"http:\/\/kathrinfutter.ch\/blog\/wp-content\/uploads\/2008\/10\/mob44_1223553128.jpg\" alt=\"NZZ-Ratings\" \/><\/a><\/span><\/p>\n<h6><span class=\"Apple-style-span\" style=\"font-size: 32px\"><span class=\"Apple-style-span\" style=\"font-size: 16px\"><span class=\"Apple-style-span\" style=\"font-style: italic\"><span class=\"Apple-style-span\" style=\"font-weight: normal\">B<\/span><\/span><\/span><span class=\"Apple-style-span\" style=\"font-size: 11px; font-style: italic\"><span class=\"Apple-style-span\" style=\"font-weight: normal\">ild: Annette Karrenbach<\/span><\/span><\/span><\/h6>\n<p>Sie schreibt, dass digitale Plattformen, auf denen Professoren bewertet werden wie zum Beispiel in der Schweiz\u00a0<a href=\"http:\/\/www.meinprof.ch\/\" target=\"_blank\">MeinProf.ch<\/a>, sich ausbreiten, aber ihre Ergebnisse kein Spiegel f\u00fcr die Lehrqualit\u00e4t darstellen.<\/p>\n<p><!--more--><\/p>\n<blockquote><p> Um in die vorderen R\u00e4nge des <span class=\"Apple-style-span\" style=\"font-style: italic\">Mein-Prof<\/span>-Rankings vorzustossen, braucht es erstaunlich wenig. Dank sechs positiven Wertungen belegt Rupert Moser, Titularprofessor am Institut f\u00fcr Sozialanthropologie der Universit\u00e4t Bern, den Spitzenplatz unter den Schweizer Professoren. Seine Lehrveranstaltung &#8222;Suaheli III&#8220; empfahlen alle sechs Bewertenden weiter. Darauf angesprochen, antwortet Moser: \u00abDiese Ratings sind kaum relevant. Die internen Evaluationen der Dozierenden sind um einiges seri\u00f6ser.\u00bb\u00a0\u00a0\u00a0\u00a0<\/p><\/blockquote>\n<p>Und weiter steht geschrieben:\u00a0<\/p>\n<blockquote><p>F\u00fcr den Z\u00fcrcher Geschichtsprofessor Simon Teuscher sind die Bewertungen in erster Linie \u00abdigitalisierte Ger\u00fcchtek\u00fcchen\u00bb.  [&#8230;]  Problematisch ist, dass kaum kontrolliert werden kann, von wem die Wertungen stammen. Grunds\u00e4tzlich gelten anonymisierte Evaluationsverfahren, etwa mit gezielt verteilten Fragebogen, als unverf\u00e4schter.\u00a0\u00a0\u00a0<\/p><\/blockquote>\n<p>Dem ist sicher zuzustimmen, denn laut Genner ermuntert die Anonymit\u00e4t im Netz die Studierenden ihren Frust (zum Beispie \u00fcber schlechte Pr\u00fcfungsresultate) auf solchen Plattformen loszuwerden. Und das Internet vergisst nichts! Die Ratings bleiben \u00fcber Jahre auffindbar. So gibt es auch bereits einige Klagen gegen\u00fcber den Betreiberinnen und Betreibern solcher Plattformen. Zum Beispiel dargestellt im Bericht der\u00a0<a href=\"http:\/\/www.zeit.de\/2008\/40\/C-Lehrer?page=1\" target=\"_blank\">Zeit &#8222;Die Angst der Lehrer&#8220;<\/a>.<\/p>\n<p>Einen ganz anderen Zugang um Lehrpersonen resp. Professorinnen oder Professoren zu &#8222;bewerten&#8220; bzw. den Besten \/ die Beste auszuzeichnen, verfolgen Lehrpreise an Schweizer Hochschulen und Universit\u00e4ten. Ich habe bereits fr\u00fcher (<a href=\"http:\/\/kathrinfutter.ch\/blog\/?p=32\">hier<\/a> und <a href=\"http:\/\/kathrinfutter.ch\/blog\/?p=36\">hier<\/a>) davon berichtet. Auch im Jahre 2009 wird die Universit\u00e4t Z\u00fcrich wieder einen Lehrpreis vergeben und \u201c analog der fr\u00fcheren Jahre \u201c <em>EINEN<\/em> Schwerpunkt der universit\u00e4ren Lehre ins Zentrum stellen, da sich gute Lehre durch verschiedene Aspekte auszeichnet und nicht alle gleichzeitig bewertet werden sollen. Im Jahre 2009 wird also derjenige Dozent oder diejenige Dozentin gew\u00e4hlt, der oder die es am besten schafft, Lehre und Forschung zu verkn\u00fcpfen. Es geht also um eine alte universit\u00e4re Tradition, welche bereits bei Wilhelm von Humboldt ihren pointierten Ausdruck fand (vgl. dazu ein Referat von PD Dr. Ulrich Welbers mit dem Titel: <a href=\"http:\/\/www.afh.uzh.ch\/medien\/Huem\/huemHS08.html\">Humboldts Gem\u00fct: Zum Zusammenhang von Forschung und Lehre im neuhumanistischen Bildungsideal<\/a>) und meint, dass die universit\u00e4re Gemeinschaft aus Lehrenden (Dozierenden) und Lernenden (Studierenden) besteht. Deshalb muss wissenschaftliche Bildung auf selbst\u00e4ndiger Forschung beruhen und kann nur durch Personen vermittelt werden, die selbst Forschung betreiben (vgl.\u00a0<a href=\"http:\/\/www.uzh.ch\/about\/basics\/mission.html\" target=\"_blank\">Leitbild der Universit\u00e4t Z\u00fcrich<\/a>).<\/p>\n<p>Da bin ich ja sehr gespannt, wer die n\u00e4chste Gewinnerin \/ der n\u00e4chste Gewinner sein wird und wie die Studierenden ihre Wahl begr\u00fcnden!<\/p>","protected":false},"excerpt":{"rendered":"<p>In der heutigen Sonntagsausgabe der NZZ auf der w\u00f6chentlichen Seite f\u00fcr Studium und Karriere ver\u00f6ffentlichte Sarah Genner einen Beitrag mit dem Titel: \u00abFragw\u00fcrdige Kriterien entkr\u00e4ften Professoren-Ratings\u00bb (hier). Bild: Annette Karrenbach Sie schreibt, dass digitale Plattformen, auf denen Professoren bewertet werden &hellip; <a href=\"http:\/\/kathrinfutter.ch\/blog\/professoren-ratings\">Weiterlesen <span class=\"meta-nav\">&rarr;<\/span><\/a><\/p>\n","protected":false},"author":1,"featured_media":0,"comment_status":"open","ping_status":"open","sticky":false,"template":"","format":"standard","meta":{"footnotes":""},"categories":[5,12],"tags":[234,25,54],"class_list":["post-114","post","type-post","status-publish","format-standard","hentry","category-didaktik","category-hochschullehre","tag-hochschullehre","tag-lehrpreis","tag-ratings"],"aioseo_notices":[],"_links":{"self":[{"href":"http:\/\/kathrinfutter.ch\/blog\/wp-json\/wp\/v2\/posts\/114"}],"collection":[{"href":"http:\/\/kathrinfutter.ch\/blog\/wp-json\/wp\/v2\/posts"}],"about":[{"href":"http:\/\/kathrinfutter.ch\/blog\/wp-json\/wp\/v2\/types\/post"}],"author":[{"embeddable":true,"href":"http:\/\/kathrinfutter.ch\/blog\/wp-json\/wp\/v2\/users\/1"}],"replies":[{"embeddable":true,"href":"http:\/\/kathrinfutter.ch\/blog\/wp-json\/wp\/v2\/comments?post=114"}],"version-history":[{"count":0,"href":"http:\/\/kathrinfutter.ch\/blog\/wp-json\/wp\/v2\/posts\/114\/revisions"}],"wp:attachment":[{"href":"http:\/\/kathrinfutter.ch\/blog\/wp-json\/wp\/v2\/media?parent=114"}],"wp:term":[{"taxonomy":"category","embeddable":true,"href":"http:\/\/kathrinfutter.ch\/blog\/wp-json\/wp\/v2\/categories?post=114"},{"taxonomy":"post_tag","embeddable":true,"href":"http:\/\/kathrinfutter.ch\/blog\/wp-json\/wp\/v2\/tags?post=114"}],"curies":[{"name":"wp","href":"https:\/\/api.w.org\/{rel}","templated":true}]}}