{"id":1531,"date":"2013-07-19T10:42:50","date_gmt":"2013-07-19T08:42:50","guid":{"rendered":"http:\/\/kathrinfutter.ch\/blog\/?p=1531"},"modified":"2013-07-19T10:42:50","modified_gmt":"2013-07-19T08:42:50","slug":"edutags-social-bookmarking-zum-zweiten","status":"publish","type":"post","link":"http:\/\/kathrinfutter.ch\/blog\/edutags-social-bookmarking-zum-zweiten","title":{"rendered":"Edutags \u00e2\u20ac\u201c Social Bookmarking zum Zweiten"},"content":{"rendered":"<div class=\"twoclick_social_bookmarks_post_1531 social_share_privacy clearfix 1.6.4 locale-de_DE sprite-de_DE\"><\/div><div class=\"twoclick-js\"><script type=\"text\/javascript\">\/* <![CDATA[ *\/\njQuery(document).ready(function($){if($('.twoclick_social_bookmarks_post_1531')){$('.twoclick_social_bookmarks_post_1531').socialSharePrivacy({\"txt_help\":\"Wenn Sie diese Felder durch einen Klick aktivieren, werden Informationen an Facebook, Twitter, Flattr, Xing, t3n, LinkedIn, Pinterest oder Google eventuell ins Ausland \\u00fcbertragen und unter Umst\\u00e4nden auch dort gespeichert. N\\u00e4heres erfahren Sie durch einen Klick auf das <em>i<\\\/em>.\",\"settings_perma\":\"Dauerhaft aktivieren und Daten\\u00fcber-tragung zustimmen:\",\"info_link\":\"http:\\\/\\\/www.heise.de\\\/ct\\\/artikel\\\/2-Klicks-fuer-mehr-Datenschutz-1333879.html\",\"uri\":\"http:\\\/\\\/kathrinfutter.ch\\\/blog\\\/edutags-social-bookmarking-zum-zweiten\",\"post_id\":1531,\"post_title_referrer_track\":\"Edutags+%C3%A2%E2%82%AC%E2%80%9C+Social+Bookmarking+zum+Zweiten\",\"display_infobox\":\"on\"});}});\n\/* ]]> *\/<\/script><\/div><p>&nbsp;<\/p>\n<p><a href=\"http:\/\/kathrinfutter.ch\/blog\/wp-content\/uploads\/2013\/07\/edutags.png\"><img loading=\"lazy\" decoding=\"async\" class=\"alignleft size-medium wp-image-1532\" alt=\"edutags\" src=\"http:\/\/kathrinfutter.ch\/blog\/wp-content\/uploads\/2013\/07\/edutags-300x240.png\" width=\"300\" height=\"240\" srcset=\"http:\/\/kathrinfutter.ch\/blog\/wp-content\/uploads\/2013\/07\/edutags-300x240.png 300w, http:\/\/kathrinfutter.ch\/blog\/wp-content\/uploads\/2013\/07\/edutags.png 769w\" sizes=\"(max-width: 300px) 100vw, 300px\" \/><\/a><\/p>\n<p>&nbsp;<\/p>\n<p>Tagging ist nun ja wirklich nicht mehr neu und &#8222;social tagging&#8220; auch nicht. Trotzdem m\u00f6chte ich auf ein Edutags-Webinar des Deutschen Bildungsserver hinweisen, welches auch als Aufzeichnung nachtr\u00e4glich angesehen werden kann.<\/p>\n<p>&nbsp;<\/p>\n<p>Die erste Aufzeichnung erfolgte Ende Juni 2013 und es hat nochmals drei Termine (Freitag, 19.7.2013 \u201c 14:00 Uhr; Montag, 12.8.2013 \u201c 15:00 Uhr; Dienstag, 17.9.2013 \u201c 16:00 Uhr), welche als Webinar besucht werden k\u00f6nnen. Speziell an Edutags ist die eigene Plattform, mit derer Hilfe uch mit Studierenden Lesezeichen gesammelt werden k\u00f6nnen. Diese wurde schon fr\u00fcher entwickelt (ich berichtete damals in einem <a href=\"http:\/\/kathrinfutter.ch\/blog\/?p=1051#more-1051\" target=\"_blank\">eigenen Blogposting<\/a>) und scheint mittlerweile etabliert(er) zu sein. Zum Ansehen \/ H\u00f6ren des Webinars <a href=\"https:\/\/connect.ruhr-uni-bochum.de\/p4yniiexfge\/?launcher=false&amp;fcsContent=true&amp;pbMode=normal\" target=\"_blank\">HIER<\/a> klicken.<\/p>\n<p>Selber benutze ich jedoch nicht Edutags f\u00fcr meine individuelle Sammlung, sondern habe die ganz wichtigen Lesezeichen nach wie vor im Browser in Ordnern abgelegt und synchronisiere sie zwischen den Rechnern und auch auf das iPhone\/iPad mit <a href=\"http:\/\/www.xmarks.com\/\" target=\"_blank\">xmarks<\/a>. Das funktioniert bestens und so bin ich an denjenigen Ger\u00e4ten, die ich haupts\u00e4chlich brauche, gut ausger\u00fcstet. F\u00fcr das &#8222;Tagging&#8220; von Seiten, welche mir gerade sonst so &#8222;unterkommen&#8220; benutze ich <a href=\"https:\/\/www.diigo.com\/\" target=\"_blank\">Diigo<\/a> und bin damit ebenfalls sehr zufrieden. <a href=\"https:\/\/delicious.com\/\" target=\"_blank\">Delicious<\/a> w\u00e4re auch eine gute Alternative. Bei der Recherche, ob Edutags auch bei Schweizer Lehrpersonen eine M\u00f6glichkeit darstellt, stiess ich auf einen Blogbeitrag von Hans-Peter F\u00fcllmann &#8222;Lernwelten&#8220;, welcher ziemlich genau und unabh\u00e4ngig von mir, ein \u00e4hnliches Blogposting verfasst hat (vgl. <a href=\"http:\/http:\/\/www.lern-welten.ch\/2013\/06\/social-bookmarking-angebot-auf-deutsch\/\" target=\"_blank\">Social Bookmarking \u201c Angebot auf Deutsch<\/a>).<\/p>\n<p>&nbsp;<\/p>\n<p>&nbsp;<\/p>","protected":false},"excerpt":{"rendered":"<p>&nbsp; &nbsp; Tagging ist nun ja wirklich nicht mehr neu und &#8222;social tagging&#8220; auch nicht. Trotzdem m\u00f6chte ich auf ein Edutags-Webinar des Deutschen Bildungsserver hinweisen, welches auch als Aufzeichnung nachtr\u00e4glich angesehen werden kann. &nbsp; Die erste Aufzeichnung erfolgte Ende Juni &hellip; <a href=\"http:\/\/kathrinfutter.ch\/blog\/edutags-social-bookmarking-zum-zweiten\">Weiterlesen <span class=\"meta-nav\">&rarr;<\/span><\/a><\/p>\n","protected":false},"author":1,"featured_media":0,"comment_status":"open","ping_status":"open","sticky":false,"template":"","format":"standard","meta":{"footnotes":""},"categories":[53,7,6,23],"tags":[217,216,218],"class_list":["post-1531","post","type-post","status-publish","format-standard","hentry","category-bildung","category-lehrer-innenbildung","category-technik","category-web20","tag-edutags","tag-socialbookmarking","tag-tagging"],"aioseo_notices":[],"_links":{"self":[{"href":"http:\/\/kathrinfutter.ch\/blog\/wp-json\/wp\/v2\/posts\/1531"}],"collection":[{"href":"http:\/\/kathrinfutter.ch\/blog\/wp-json\/wp\/v2\/posts"}],"about":[{"href":"http:\/\/kathrinfutter.ch\/blog\/wp-json\/wp\/v2\/types\/post"}],"author":[{"embeddable":true,"href":"http:\/\/kathrinfutter.ch\/blog\/wp-json\/wp\/v2\/users\/1"}],"replies":[{"embeddable":true,"href":"http:\/\/kathrinfutter.ch\/blog\/wp-json\/wp\/v2\/comments?post=1531"}],"version-history":[{"count":6,"href":"http:\/\/kathrinfutter.ch\/blog\/wp-json\/wp\/v2\/posts\/1531\/revisions"}],"predecessor-version":[{"id":1538,"href":"http:\/\/kathrinfutter.ch\/blog\/wp-json\/wp\/v2\/posts\/1531\/revisions\/1538"}],"wp:attachment":[{"href":"http:\/\/kathrinfutter.ch\/blog\/wp-json\/wp\/v2\/media?parent=1531"}],"wp:term":[{"taxonomy":"category","embeddable":true,"href":"http:\/\/kathrinfutter.ch\/blog\/wp-json\/wp\/v2\/categories?post=1531"},{"taxonomy":"post_tag","embeddable":true,"href":"http:\/\/kathrinfutter.ch\/blog\/wp-json\/wp\/v2\/tags?post=1531"}],"curies":[{"name":"wp","href":"https:\/\/api.w.org\/{rel}","templated":true}]}}