{"id":185,"date":"2009-01-22T10:24:02","date_gmt":"2009-01-22T16:24:02","guid":{"rendered":"http:\/\/kathrinfutter.ch\/blog\/?p=185"},"modified":"2009-01-22T10:24:02","modified_gmt":"2009-01-22T16:24:02","slug":"word-clouds-%e2%80%93-wordl","status":"publish","type":"post","link":"http:\/\/kathrinfutter.ch\/blog\/word-clouds-%e2%80%93-wordl","title":{"rendered":"Word Clouds \u00e2\u20ac\u201c Wordl"},"content":{"rendered":"<div class=\"twoclick_social_bookmarks_post_185 social_share_privacy clearfix 1.6.4 locale-de_DE sprite-de_DE\"><\/div><div class=\"twoclick-js\"><script type=\"text\/javascript\">\/* <![CDATA[ *\/\njQuery(document).ready(function($){if($('.twoclick_social_bookmarks_post_185')){$('.twoclick_social_bookmarks_post_185').socialSharePrivacy({\"txt_help\":\"Wenn Sie diese Felder durch einen Klick aktivieren, werden Informationen an Facebook, Twitter, Flattr, Xing, t3n, LinkedIn, Pinterest oder Google eventuell ins Ausland \\u00fcbertragen und unter Umst\\u00e4nden auch dort gespeichert. N\\u00e4heres erfahren Sie durch einen Klick auf das <em>i<\\\/em>.\",\"settings_perma\":\"Dauerhaft aktivieren und Daten\\u00fcber-tragung zustimmen:\",\"info_link\":\"http:\\\/\\\/www.heise.de\\\/ct\\\/artikel\\\/2-Klicks-fuer-mehr-Datenschutz-1333879.html\",\"uri\":\"http:\\\/\\\/kathrinfutter.ch\\\/blog\\\/word-clouds-%e2%80%93-wordl\",\"post_id\":185,\"post_title_referrer_track\":\"Word+Clouds+%C3%A2%E2%82%AC%E2%80%9C+Wordl\",\"display_infobox\":\"on\"});}});\n\/* ]]> *\/<\/script><\/div><p>Via einen Beitrag von\u00a0<a href=\"http:\/\/www.elc.uzh.ch\/team.html\" target=\"_blank\">Cornelia R\u00fcdel<\/a>\u00a0in ihrem\u00a0<a href=\"http:\/\/pruefung.net\/\" target=\"_blank\">E-Assessment Weblog<\/a>\u00a0stiess ich auf Wordl. <\/p>\n<blockquote><p>Wordle ist ein Java-Applet f\u00fcr \u00abgenerating &#8222;word clouds&#8220; from text that you provide\u00bb.<\/p><\/blockquote>\n<p>Cornelia hat das Applet gleich mit all ihren gesammelten Bezeichnungen f\u00fcr E-Assessment ausprobiert und Wordl hat ihr die folgende Darstellung generiert, welche die h\u00e4ufigsten Nennungen am auff\u00e4lligsten darstellt. Ein nettes Tool, finde ich \ud83d\ude42\u00a0<\/p>\n<p><img decoding=\"async\" src=\"http:\/\/kathrinfutter.ch\/blog\/wp-content\/uploads\/2009\/01\/titelbildvorschlag.jpg\" alt=\"titelbildvorschlag.jpg\" \/>\u00a0\u00a0<\/p>","protected":false},"excerpt":{"rendered":"<p>Via einen Beitrag von\u00a0Cornelia R\u00fcdel\u00a0in ihrem\u00a0E-Assessment Weblog\u00a0stiess ich auf Wordl. Wordle ist ein Java-Applet f\u00fcr \u00abgenerating &#8222;word clouds&#8220; from text that you provide\u00bb. Cornelia hat das Applet gleich mit all ihren gesammelten Bezeichnungen f\u00fcr E-Assessment ausprobiert und Wordl hat ihr &hellip; <a href=\"http:\/\/kathrinfutter.ch\/blog\/word-clouds-%e2%80%93-wordl\">Weiterlesen <span class=\"meta-nav\">&rarr;<\/span><\/a><\/p>\n","protected":false},"author":1,"featured_media":0,"comment_status":"open","ping_status":"open","sticky":false,"template":"","format":"standard","meta":{"footnotes":""},"categories":[3,6],"tags":[77],"class_list":["post-185","post","type-post","status-publish","format-standard","hentry","category-diverses","category-technik","tag-wordle-wordcloud-tool-internet"],"aioseo_notices":[],"_links":{"self":[{"href":"http:\/\/kathrinfutter.ch\/blog\/wp-json\/wp\/v2\/posts\/185"}],"collection":[{"href":"http:\/\/kathrinfutter.ch\/blog\/wp-json\/wp\/v2\/posts"}],"about":[{"href":"http:\/\/kathrinfutter.ch\/blog\/wp-json\/wp\/v2\/types\/post"}],"author":[{"embeddable":true,"href":"http:\/\/kathrinfutter.ch\/blog\/wp-json\/wp\/v2\/users\/1"}],"replies":[{"embeddable":true,"href":"http:\/\/kathrinfutter.ch\/blog\/wp-json\/wp\/v2\/comments?post=185"}],"version-history":[{"count":0,"href":"http:\/\/kathrinfutter.ch\/blog\/wp-json\/wp\/v2\/posts\/185\/revisions"}],"wp:attachment":[{"href":"http:\/\/kathrinfutter.ch\/blog\/wp-json\/wp\/v2\/media?parent=185"}],"wp:term":[{"taxonomy":"category","embeddable":true,"href":"http:\/\/kathrinfutter.ch\/blog\/wp-json\/wp\/v2\/categories?post=185"},{"taxonomy":"post_tag","embeddable":true,"href":"http:\/\/kathrinfutter.ch\/blog\/wp-json\/wp\/v2\/tags?post=185"}],"curies":[{"name":"wp","href":"https:\/\/api.w.org\/{rel}","templated":true}]}}