{"id":188,"date":"2009-02-05T07:46:45","date_gmt":"2009-02-05T13:46:45","guid":{"rendered":"http:\/\/kathrinfutter.ch\/blog\/?p=188"},"modified":"2009-02-05T07:53:43","modified_gmt":"2009-02-05T13:53:43","slug":"berufspraktische-ausbildung-fur-studierende-der-medizin","status":"publish","type":"post","link":"http:\/\/kathrinfutter.ch\/blog\/berufspraktische-ausbildung-fur-studierende-der-medizin","title":{"rendered":"Berufspraktische Ausbildung f\u00fcr Studierende der Medizin"},"content":{"rendered":"<div class=\"twoclick_social_bookmarks_post_188 social_share_privacy clearfix 1.6.4 locale-de_DE sprite-de_DE\"><\/div><div class=\"twoclick-js\"><script type=\"text\/javascript\">\/* <![CDATA[ *\/\njQuery(document).ready(function($){if($('.twoclick_social_bookmarks_post_188')){$('.twoclick_social_bookmarks_post_188').socialSharePrivacy({\"txt_help\":\"Wenn Sie diese Felder durch einen Klick aktivieren, werden Informationen an Facebook, Twitter, Flattr, Xing, t3n, LinkedIn, Pinterest oder Google eventuell ins Ausland \\u00fcbertragen und unter Umst\\u00e4nden auch dort gespeichert. N\\u00e4heres erfahren Sie durch einen Klick auf das <em>i<\\\/em>.\",\"settings_perma\":\"Dauerhaft aktivieren und Daten\\u00fcber-tragung zustimmen:\",\"info_link\":\"http:\\\/\\\/www.heise.de\\\/ct\\\/artikel\\\/2-Klicks-fuer-mehr-Datenschutz-1333879.html\",\"uri\":\"http:\\\/\\\/kathrinfutter.ch\\\/blog\\\/berufspraktische-ausbildung-fur-studierende-der-medizin\",\"post_id\":188,\"post_title_referrer_track\":\"Berufspraktische+Ausbildung+f%C3%BCr+Studierende+der+Medizin\",\"display_infobox\":\"on\"});}});\n\/* ]]> *\/<\/script><\/div><p>Letzte Woche schulte ich \u201c gemeinsam mit der Leiterin der Abteilung Hausmedizin des Universit\u00e4tsspitals Z\u00fcrich \u201c ca. 45 Lehr\u00e4rztinnen und Lehr\u00e4rzte. Damit sind Haus\u00e4rtinnen und Haus\u00e4rzte gemeint, welche in ihrer Praxis f\u00fcr eine gewisse Zeit Studierenden &#8222;in die Lehre&#8220; nehmen. Diese lernen dann &#8222;on the job&#8220;, wie sie beispielsweise ein Anamnesegespr\u00e4ch f\u00fchren k\u00f6nnen resp. werden mit allen anderen Spezifika einer Hausarztpraxis vertraut gemacht.<\/p>\n<p>An sich ein vergleichbares Setting wie bei zuk\u00fcnftigen Lehrpersonen, die in Praktika das Unterrichten lernen. So zog ich dann auch das Modell des &#8222;cognitive apprenticeship&#8220; bei, um bei den Lehr\u00e4rzten das Bewusstsein zu sch\u00e4rfen, dass die Novizen zuerst viel Unterst\u00fctzung brauchen (also gute Modelle und viel Coaching), sp\u00e4ter dann immer noch ein solides Ger\u00fcst (scaffold), bis sie zuletzt selbstst\u00e4ndig Patientinnen und Patienten betreuen und der\/die Haus\u00e4rztin sich ganz zur\u00fccknehmen kann (fading).<\/p>\n<p>Mir scheint, dass gerade f\u00fcr ein solches berufspraktisches Training \u201c abgesehen vom Inhalt \u201c die LehrerInnenausbildung und die Haus\u00e4rzteausbildung gar nicht so weit voneinander entfernt sind.<\/p>","protected":false},"excerpt":{"rendered":"<p>Letzte Woche schulte ich \u201c gemeinsam mit der Leiterin der Abteilung Hausmedizin des Universit\u00e4tsspitals Z\u00fcrich \u201c ca. 45 Lehr\u00e4rztinnen und Lehr\u00e4rzte. Damit sind Haus\u00e4rtinnen und Haus\u00e4rzte gemeint, welche in ihrer Praxis f\u00fcr eine gewisse Zeit Studierenden &#8222;in die Lehre&#8220; nehmen. &hellip; <a href=\"http:\/\/kathrinfutter.ch\/blog\/berufspraktische-ausbildung-fur-studierende-der-medizin\">Weiterlesen <span class=\"meta-nav\">&rarr;<\/span><\/a><\/p>\n","protected":false},"author":1,"featured_media":0,"comment_status":"open","ping_status":"open","sticky":false,"template":"","format":"standard","meta":{"footnotes":""},"categories":[5],"tags":[81,80,82],"class_list":["post-188","post","type-post","status-publish","format-standard","hentry","category-didaktik","tag-berufspraxis","tag-praktika","tag-schulung"],"aioseo_notices":[],"_links":{"self":[{"href":"http:\/\/kathrinfutter.ch\/blog\/wp-json\/wp\/v2\/posts\/188"}],"collection":[{"href":"http:\/\/kathrinfutter.ch\/blog\/wp-json\/wp\/v2\/posts"}],"about":[{"href":"http:\/\/kathrinfutter.ch\/blog\/wp-json\/wp\/v2\/types\/post"}],"author":[{"embeddable":true,"href":"http:\/\/kathrinfutter.ch\/blog\/wp-json\/wp\/v2\/users\/1"}],"replies":[{"embeddable":true,"href":"http:\/\/kathrinfutter.ch\/blog\/wp-json\/wp\/v2\/comments?post=188"}],"version-history":[{"count":0,"href":"http:\/\/kathrinfutter.ch\/blog\/wp-json\/wp\/v2\/posts\/188\/revisions"}],"wp:attachment":[{"href":"http:\/\/kathrinfutter.ch\/blog\/wp-json\/wp\/v2\/media?parent=188"}],"wp:term":[{"taxonomy":"category","embeddable":true,"href":"http:\/\/kathrinfutter.ch\/blog\/wp-json\/wp\/v2\/categories?post=188"},{"taxonomy":"post_tag","embeddable":true,"href":"http:\/\/kathrinfutter.ch\/blog\/wp-json\/wp\/v2\/tags?post=188"}],"curies":[{"name":"wp","href":"https:\/\/api.w.org\/{rel}","templated":true}]}}