{"id":1991,"date":"2016-05-01T13:25:30","date_gmt":"2016-05-01T11:25:30","guid":{"rendered":"http:\/\/kathrinfutter.ch\/blog\/?p=1991"},"modified":"2016-05-01T13:25:30","modified_gmt":"2016-05-01T11:25:30","slug":"lehrkredit-an-der-universitaet-zuerich","status":"publish","type":"post","link":"http:\/\/kathrinfutter.ch\/blog\/lehrkredit-an-der-universitaet-zuerich","title":{"rendered":"&#8222;Lehrkredit&#8220; an der Universit\u00e4t Z\u00fcrich"},"content":{"rendered":"<div class=\"twoclick_social_bookmarks_post_1991 social_share_privacy clearfix 1.6.4 locale-de_DE sprite-de_DE\"><\/div><div class=\"twoclick-js\"><script type=\"text\/javascript\">\/* <![CDATA[ *\/\njQuery(document).ready(function($){if($('.twoclick_social_bookmarks_post_1991')){$('.twoclick_social_bookmarks_post_1991').socialSharePrivacy({\"txt_help\":\"Wenn Sie diese Felder durch einen Klick aktivieren, werden Informationen an Facebook, Twitter, Flattr, Xing, t3n, LinkedIn, Pinterest oder Google eventuell ins Ausland \\u00fcbertragen und unter Umst\\u00e4nden auch dort gespeichert. N\\u00e4heres erfahren Sie durch einen Klick auf das <em>i<\\\/em>.\",\"settings_perma\":\"Dauerhaft aktivieren und Daten\\u00fcber-tragung zustimmen:\",\"info_link\":\"http:\\\/\\\/www.heise.de\\\/ct\\\/artikel\\\/2-Klicks-fuer-mehr-Datenschutz-1333879.html\",\"uri\":\"http:\\\/\\\/kathrinfutter.ch\\\/blog\\\/lehrkredit-an-der-universitaet-zuerich\",\"post_id\":1991,\"post_title_referrer_track\":\"%26%238222%3BLehrkredit%26%238220%3B+an+der+Universit%C3%A4t+Z%C3%BCrich\",\"display_infobox\":\"on\"});}});\n\/* ]]> *\/<\/script><\/div><p><img loading=\"lazy\" decoding=\"async\" class=\"aligncenter size-large wp-image-1993\" src=\"http:\/\/kathrinfutter.ch\/blog\/wp-content\/uploads\/2016\/05\/0001-1024x724.jpg\" alt=\"0001\" width=\"1024\" height=\"724\" srcset=\"http:\/\/kathrinfutter.ch\/blog\/wp-content\/uploads\/2016\/05\/0001-1024x724.jpg 1024w, http:\/\/kathrinfutter.ch\/blog\/wp-content\/uploads\/2016\/05\/0001-300x212.jpg 300w, http:\/\/kathrinfutter.ch\/blog\/wp-content\/uploads\/2016\/05\/0001-768x543.jpg 768w\" sizes=\"(max-width: 1024px) 100vw, 1024px\" \/><\/p>\n<p>Neu gibt es an der UZH einen sogenannten &#8222;Lehrkredit&#8220;, um innovative Lehrprojekte auch finanziell zu unterst\u00fctzen.<\/p>\n<blockquote><p>F\u00fcr zukunftstr\u00e4chtige Forschungsans\u00e4tze stehen zahlreiche Geldt\u00f6pfe zur Verf\u00fcgung. Mit dem \u00abLehrkredit\u00bb schafft die Universit\u00e4t Z\u00fcrich jetzt ein F\u00f6rdermittel, um innovative Ideen in der Lehre zu unterst\u00fctzen. Am Mittwoch fand die Auftaktveranstaltung statt.<\/p><\/blockquote>\n<p>Der Lehrkredit besteht laut UZH-News aus zwei Teilen: mit dem &#8222;strategischen Lehrkredit&#8220; werden Projekte von gesamtuniversit\u00e4rer Bedeutung unterst\u00fctzt wie zum Beispiel MOOCs oder eine verbesserte Ausbildung von Tutorinnen und Tutoren. Der &#8222;kompetitiven Lehrkredit&#8220; wird j\u00e4hrlich ausgeschrieben und die Lehrkommission der UZH kann damit j\u00e4hrlich innovative Projekte mit einem Gesamtbetrag von 300&#8217;000 bis 400&#8217;000 Franken unterst\u00fctzen. Zentral dabei ist, dass die die eingereichten Projekte innovativ, wirksam, nachhaltig und modellhaft sein m\u00fcssen.<\/p>\n<p>Offenbar hat die Idee des Lehrkredits viel Zustimmung erhalten in den entsprechenden Gremien, <a href=\"http:\/\/www.news.uzh.ch\/de\/articles\/2016\/lehrkredit.html\">hier<\/a> gehts zum entsprechenden Artikel.<\/p>","protected":false},"excerpt":{"rendered":"<p>Neu gibt es an der UZH einen sogenannten &#8222;Lehrkredit&#8220;, um innovative Lehrprojekte auch finanziell zu unterst\u00fctzen. F\u00fcr zukunftstr\u00e4chtige Forschungsans\u00e4tze stehen zahlreiche Geldt\u00f6pfe zur Verf\u00fcgung. Mit dem \u00abLehrkredit\u00bb schafft die Universit\u00e4t Z\u00fcrich jetzt ein F\u00f6rdermittel, um innovative Ideen in der Lehre &hellip; <a href=\"http:\/\/kathrinfutter.ch\/blog\/lehrkredit-an-der-universitaet-zuerich\">Weiterlesen <span class=\"meta-nav\">&rarr;<\/span><\/a><\/p>\n","protected":false},"author":1,"featured_media":0,"comment_status":"open","ping_status":"open","sticky":false,"template":"","format":"standard","meta":{"footnotes":""},"categories":[12,83],"tags":[247],"class_list":["post-1991","post","type-post","status-publish","format-standard","hentry","category-hochschullehre","category-universitat","tag-lehrkredit"],"aioseo_notices":[],"_links":{"self":[{"href":"http:\/\/kathrinfutter.ch\/blog\/wp-json\/wp\/v2\/posts\/1991"}],"collection":[{"href":"http:\/\/kathrinfutter.ch\/blog\/wp-json\/wp\/v2\/posts"}],"about":[{"href":"http:\/\/kathrinfutter.ch\/blog\/wp-json\/wp\/v2\/types\/post"}],"author":[{"embeddable":true,"href":"http:\/\/kathrinfutter.ch\/blog\/wp-json\/wp\/v2\/users\/1"}],"replies":[{"embeddable":true,"href":"http:\/\/kathrinfutter.ch\/blog\/wp-json\/wp\/v2\/comments?post=1991"}],"version-history":[{"count":3,"href":"http:\/\/kathrinfutter.ch\/blog\/wp-json\/wp\/v2\/posts\/1991\/revisions"}],"predecessor-version":[{"id":1995,"href":"http:\/\/kathrinfutter.ch\/blog\/wp-json\/wp\/v2\/posts\/1991\/revisions\/1995"}],"wp:attachment":[{"href":"http:\/\/kathrinfutter.ch\/blog\/wp-json\/wp\/v2\/media?parent=1991"}],"wp:term":[{"taxonomy":"category","embeddable":true,"href":"http:\/\/kathrinfutter.ch\/blog\/wp-json\/wp\/v2\/categories?post=1991"},{"taxonomy":"post_tag","embeddable":true,"href":"http:\/\/kathrinfutter.ch\/blog\/wp-json\/wp\/v2\/tags?post=1991"}],"curies":[{"name":"wp","href":"https:\/\/api.w.org\/{rel}","templated":true}]}}