{"id":2087,"date":"2017-04-29T23:43:55","date_gmt":"2017-04-29T21:43:55","guid":{"rendered":"http:\/\/kathrinfutter.ch\/blog\/?p=2087"},"modified":"2017-04-29T23:43:55","modified_gmt":"2017-04-29T21:43:55","slug":"aera-2017-san-antonio-texas-teil-1","status":"publish","type":"post","link":"http:\/\/kathrinfutter.ch\/blog\/aera-2017-san-antonio-texas-teil-1","title":{"rendered":"AERA 2017 San Antonio (Texas) | Teil 1"},"content":{"rendered":"<div class=\"twoclick_social_bookmarks_post_2087 social_share_privacy clearfix 1.6.4 locale-de_DE sprite-de_DE\"><\/div><div class=\"twoclick-js\"><script type=\"text\/javascript\">\/* <![CDATA[ *\/\njQuery(document).ready(function($){if($('.twoclick_social_bookmarks_post_2087')){$('.twoclick_social_bookmarks_post_2087').socialSharePrivacy({\"txt_help\":\"Wenn Sie diese Felder durch einen Klick aktivieren, werden Informationen an Facebook, Twitter, Flattr, Xing, t3n, LinkedIn, Pinterest oder Google eventuell ins Ausland \\u00fcbertragen und unter Umst\\u00e4nden auch dort gespeichert. N\\u00e4heres erfahren Sie durch einen Klick auf das <em>i<\\\/em>.\",\"settings_perma\":\"Dauerhaft aktivieren und Daten\\u00fcber-tragung zustimmen:\",\"info_link\":\"http:\\\/\\\/www.heise.de\\\/ct\\\/artikel\\\/2-Klicks-fuer-mehr-Datenschutz-1333879.html\",\"uri\":\"http:\\\/\\\/kathrinfutter.ch\\\/blog\\\/aera-2017-san-antonio-texas-teil-1\",\"post_id\":2087,\"post_title_referrer_track\":\"AERA+2017+San+Antonio+%28Texas%29+%7C+Teil+1\",\"display_infobox\":\"on\"});}});\n\/* ]]> *\/<\/script><\/div><p><img loading=\"lazy\" decoding=\"async\" class=\"aligncenter size-medium wp-image-2091\" src=\"http:\/\/kathrinfutter.ch\/blog\/wp-content\/uploads\/2017\/04\/Web-Rotator-300x108.jpg\" alt=\"\" width=\"300\" height=\"108\" srcset=\"http:\/\/kathrinfutter.ch\/blog\/wp-content\/uploads\/2017\/04\/Web-Rotator-300x108.jpg 300w, http:\/\/kathrinfutter.ch\/blog\/wp-content\/uploads\/2017\/04\/Web-Rotator.jpg 650w\" sizes=\"(max-width: 300px) 100vw, 300px\" \/><\/p>\n<p>Lange war es ruhig auf dem Bildungsfutter&#8230; nun aber gibt es wieder etwas zu berichten, denn ich konnte nach San Antonio (Texas) reisen, um am<a href=\"http:\/\/www.aera.net\/Events-Meetings\/Annual-Meeting\"> Jahrestreffen 2017<\/a> der &#8222;American Educational Research Association&#8220; (AERA) Teile meiner Diss zu pr\u00e4sentieren. Wenngleich ich es etwas \u00fcbertrieben finde, so weit zu reisen f\u00fcr einen dreit\u00e4gigen Kongress, geniesse ich es, wieder einmal so richtig einzutauchen in die Welt der Wissenschaft. Gerne teile ich einige &#8222;Highlights&#8220; (selbstverst\u00e4ndlich aus meiner Sicht&#8230;), denn an diesem Kongress sind zig-tausend Wissenschaftlerinnen und Wissenschaftler anzutreffen!<\/p>\n<p>Teil 1 meines Kongressberichtes befasst sich mit zwei Sessions mit den folgenden Titeln:<\/p>\n<ol>\n<li><strong>Practice what you teach: International studies of the enactment of practice in teacher education<\/strong><\/li>\n<li><strong>Mentoring matters &#8211; but how?<\/strong><\/li>\n<\/ol>\n<p>Unschwer zu erkennen, besch\u00e4ftigen sich mit der berufspraktischen Ausbildung von Lehrpersonen resp. mit Formen des Lernens w\u00e4hrend der Schulpraktika.<\/p>\n<p><strong>Ad 1) Practice what you teach<\/strong><\/p>\n<p>Dieses Symposium wurde von <a href=\"https:\/\/karenhammerness.com\/\">Karen Hammerness<\/a> geleitet, wobei vor allem Forschende aus Norwegen pr\u00e4sentierten. Discussant war <a href=\"http:\/\/www.brandeis.edu\/facultyguide\/person.html?emplid=8f3bc02dc16cf790b942094f8944bb5708c729f1\">Sharon Feiman-Nemser<\/a>.<\/p>\n<blockquote><p>The session shares findings from studies of the enactment of practice in teacher education coursework and program design across diverse settings in Scandinavia, Europe, US and South America, drawing from shared measures across papers.<\/p><\/blockquote>\n<p>Vor allem gefallen hat mir das vierte und letzte Referat im Symposium von <a href=\"http:\/\/www.palmenia.helsinki.fi\/QTL09\/toom_bio.asp\">Auli Toom<\/a> von der University of Helsinki. Die folgenden drei Forschungsfragen waren leitend: (1) What kinds of classroom events do the student teachers define critical for their learning? (2) What kind of action-related knowledge do the student teachers generate when reflecting on the critical events? (3) To what extent does the quality of the reflected critical events have effect on the quality of student teachers&#8216; action-oriented knowledge?<\/p>\n<p>Zum Weiterlesen auf den Button klicken!<\/p>\n<p><!--more--><\/p>\n<p>Die Daten wurden mit Hilfe eines &#8222;procedures of guided reflection&#8220; (ACTTEA, 2012-2015) (vgl. Bild) erhoben.<\/p>\n<p><img loading=\"lazy\" decoding=\"async\" class=\"aligncenter size-large wp-image-2092\" src=\"http:\/\/kathrinfutter.ch\/blog\/wp-content\/uploads\/2017\/04\/IMG_1115-1024x768.jpg\" alt=\"\" width=\"1024\" height=\"768\" srcset=\"http:\/\/kathrinfutter.ch\/blog\/wp-content\/uploads\/2017\/04\/IMG_1115-1024x768.jpg 1024w, http:\/\/kathrinfutter.ch\/blog\/wp-content\/uploads\/2017\/04\/IMG_1115-300x225.jpg 300w, http:\/\/kathrinfutter.ch\/blog\/wp-content\/uploads\/2017\/04\/IMG_1115-768x576.jpg 768w\" sizes=\"(max-width: 1024px) 100vw, 1024px\" \/><\/p>\n<p>Danach wurden diese &#8222;critical events&#8220; einerseits mit Hilfe des &#8222;didaktischen Dreiecks&#8220; analysiert, um die &#8222;Qualit\u00e4t&#8220; der Instruktion festzustellen und andererseits mit einem &#8222;Framework of action-oriented knowledge&#8220; um die Qualit\u00e4t des &#8222;action-oriented-knowledge&#8220; festzustellen.<\/p>\n<blockquote><p>The positive and challenging critical incident video excerpts (n=160) were analysed within the framework of instructional core (Kansanen &amp; Meri, 1999). The STR interview data (5176 units) were analysed with a coding scheme including the varieties of AOK: descriptive AOK (recalls and appraisals), inferential AOK (rules and artefacts) and justified AOK (practical and theoretical justifications) (Mena et al., 2012b; Toom, 2012c; Authors, 2016). The relationships between the critical incidents and the interview data were analysed qualitatively.<\/p>\n<p>Our study showed that teacher candidates focused mostly on incidents concerning instructional arrangements, something at the core of teachers work in classroom interaction. They emphasized evaluative and practical aspects whereas pure theoretical perspectives and concrete, functional examples appeared least often.<\/p><\/blockquote>\n<p><img loading=\"lazy\" decoding=\"async\" class=\"aligncenter size-large wp-image-2094\" src=\"http:\/\/kathrinfutter.ch\/blog\/wp-content\/uploads\/2017\/04\/IMG_1121-1024x768.jpg\" alt=\"\" width=\"1024\" height=\"768\" srcset=\"http:\/\/kathrinfutter.ch\/blog\/wp-content\/uploads\/2017\/04\/IMG_1121-1024x768.jpg 1024w, http:\/\/kathrinfutter.ch\/blog\/wp-content\/uploads\/2017\/04\/IMG_1121-300x225.jpg 300w, http:\/\/kathrinfutter.ch\/blog\/wp-content\/uploads\/2017\/04\/IMG_1121-768x576.jpg 768w\" sizes=\"(max-width: 1024px) 100vw, 1024px\" \/><\/p>\n<p>&nbsp;<\/p>\n<p><strong>Ad 2) Mentoring matters &#8211; but how?<\/strong><\/p>\n<p>Eine zweite Session, die ich besuchte, stellte sich die Frage, wie Mentoring (bezogen auf die Konstellation zwischen erfahrener Lehrperson und zuk\u00fcnftiger Lehrperson) wirkt. Geleitet wurde sie von Sharon Feiman-Nemser und Discussant war <a href=\"https:\/\/www.gse.harvard.edu\/faculty\/susan-moore-johnson\">Susan Moore<\/a>. Es wurden wiederum vier Papers vorgestellt und am meisten beeindruckt hat mich die Metaanalyse von <a href=\"http:\/\/scholar.harvard.edu\/mkraft\/home\">Matthew Kraft<\/a> und Kollegen &#8222;The Effect of Teacher Coaching on Instruction and Achievement: A Meta-Analysis of the Causal Evidence&#8220;. In die Metaanalyse einbezogen wurden Studien, welche die Effekte des Coachings auf das Lernen der (zuk\u00fcnftigen) Lehrpersonen als auch auf das Lernen der Sch\u00fclerinnen und Sch\u00fcler dieser Lehrpersonen untersuchten.<\/p>\n<p><img loading=\"lazy\" decoding=\"async\" class=\"aligncenter size-large wp-image-2095\" src=\"http:\/\/kathrinfutter.ch\/blog\/wp-content\/uploads\/2017\/04\/2017-04-29_00h21_47-1024x716.png\" alt=\"\" width=\"1024\" height=\"716\" srcset=\"http:\/\/kathrinfutter.ch\/blog\/wp-content\/uploads\/2017\/04\/2017-04-29_00h21_47-1024x716.png 1024w, http:\/\/kathrinfutter.ch\/blog\/wp-content\/uploads\/2017\/04\/2017-04-29_00h21_47-300x210.png 300w, http:\/\/kathrinfutter.ch\/blog\/wp-content\/uploads\/2017\/04\/2017-04-29_00h21_47-768x537.png 768w, http:\/\/kathrinfutter.ch\/blog\/wp-content\/uploads\/2017\/04\/2017-04-29_00h21_47.png 1734w\" sizes=\"(max-width: 1024px) 100vw, 1024px\" \/><\/p>\n<blockquote><p>We conducted a systematic review of the literature through a three-phase process where we, 1) searched via academic databases, 2) reviewed references in relevant papers, and 3) reached out to leading scholars in the field. Past studies have found that coaching is rarely implemented in isolation. Thus, we included PD programs that focus exclusively on one-on-one coaching as well as those that combine coaching with workshops and instructional materials or use coaching as intensive implementation supports for new curricula or instructional programs. We restricted our sample of studies to only those that used research designs capable of supporting causal inferences which included randomized control trials as well as quasi-experimental methods such as regression discontinuity, difference-in-differences and robust fixed-effects analyses. Our search yielded a total of 38 studies that we coded and classified in two broad categories, content-specific coaching (n=28) and coaching for general pedagogy (n=10). Among the content-specific studies, nearly all of the available evidence pertains to programs focused on reading and literacy (n=25 for reading, 2 for math and 1 for science).<\/p><\/blockquote>\n<p>Herausgekommen ist, dass die Coachingprogramme grosse Effekte auf das Lernen der Lehrpersonen hatten, jedoch nur geringen Einfluss auf das Lernen der Sch\u00fclerinnen und Sch\u00fcler.<\/p>\n<blockquote><p>Large positive effects of coaching on teachers&#8216; instructional practice and moderate effects on students&#8216; achievment.<\/p><\/blockquote>\n<p>Hier noch die Zusamenstellung von Merkmalen von effektiven Programmen:<\/p>\n<p><img loading=\"lazy\" decoding=\"async\" class=\"aligncenter size-large wp-image-2096\" src=\"http:\/\/kathrinfutter.ch\/blog\/wp-content\/uploads\/2017\/04\/IMG_1186-1024x768.jpg\" alt=\"\" width=\"1024\" height=\"768\" srcset=\"http:\/\/kathrinfutter.ch\/blog\/wp-content\/uploads\/2017\/04\/IMG_1186-1024x768.jpg 1024w, http:\/\/kathrinfutter.ch\/blog\/wp-content\/uploads\/2017\/04\/IMG_1186-300x225.jpg 300w, http:\/\/kathrinfutter.ch\/blog\/wp-content\/uploads\/2017\/04\/IMG_1186-768x576.jpg 768w\" sizes=\"(max-width: 1024px) 100vw, 1024px\" \/><\/p>\n<p>Der Artikel ist bereits einsehbar: <a href=\"http:\/\/scholar.harvard.edu\/mkraft\/publications\/effect-teacher-coaching-instruction-and-achievement-meta-analysis-causal\">hier<\/a>!<\/p>","protected":false},"excerpt":{"rendered":"<p>Lange war es ruhig auf dem Bildungsfutter&#8230; nun aber gibt es wieder etwas zu berichten, denn ich konnte nach San Antonio (Texas) reisen, um am Jahrestreffen 2017 der &#8222;American Educational Research Association&#8220; (AERA) Teile meiner Diss zu pr\u00e4sentieren. Wenngleich ich &hellip; <a href=\"http:\/\/kathrinfutter.ch\/blog\/aera-2017-san-antonio-texas-teil-1\">Weiterlesen <span class=\"meta-nav\">&rarr;<\/span><\/a><\/p>\n","protected":false},"author":1,"featured_media":0,"comment_status":"open","ping_status":"open","sticky":false,"template":"","format":"standard","meta":{"footnotes":""},"categories":[39,7,1],"tags":[],"class_list":["post-2087","post","type-post","status-publish","format-standard","hentry","category-forschung","category-lehrer-innenbildung","category-uncategorized"],"aioseo_notices":[],"_links":{"self":[{"href":"http:\/\/kathrinfutter.ch\/blog\/wp-json\/wp\/v2\/posts\/2087"}],"collection":[{"href":"http:\/\/kathrinfutter.ch\/blog\/wp-json\/wp\/v2\/posts"}],"about":[{"href":"http:\/\/kathrinfutter.ch\/blog\/wp-json\/wp\/v2\/types\/post"}],"author":[{"embeddable":true,"href":"http:\/\/kathrinfutter.ch\/blog\/wp-json\/wp\/v2\/users\/1"}],"replies":[{"embeddable":true,"href":"http:\/\/kathrinfutter.ch\/blog\/wp-json\/wp\/v2\/comments?post=2087"}],"version-history":[{"count":5,"href":"http:\/\/kathrinfutter.ch\/blog\/wp-json\/wp\/v2\/posts\/2087\/revisions"}],"predecessor-version":[{"id":2099,"href":"http:\/\/kathrinfutter.ch\/blog\/wp-json\/wp\/v2\/posts\/2087\/revisions\/2099"}],"wp:attachment":[{"href":"http:\/\/kathrinfutter.ch\/blog\/wp-json\/wp\/v2\/media?parent=2087"}],"wp:term":[{"taxonomy":"category","embeddable":true,"href":"http:\/\/kathrinfutter.ch\/blog\/wp-json\/wp\/v2\/categories?post=2087"},{"taxonomy":"post_tag","embeddable":true,"href":"http:\/\/kathrinfutter.ch\/blog\/wp-json\/wp\/v2\/tags?post=2087"}],"curies":[{"name":"wp","href":"https:\/\/api.w.org\/{rel}","templated":true}]}}