{"id":275,"date":"2009-05-27T11:20:11","date_gmt":"2009-05-27T17:20:11","guid":{"rendered":"http:\/\/kathrinfutter.ch\/blog\/?p=275"},"modified":"2009-05-27T11:20:11","modified_gmt":"2009-05-27T17:20:11","slug":"virtuelle-3d-welten","status":"publish","type":"post","link":"http:\/\/kathrinfutter.ch\/blog\/virtuelle-3d-welten","title":{"rendered":"Virtuelle 3D-Welten"},"content":{"rendered":"<div class=\"twoclick_social_bookmarks_post_275 social_share_privacy clearfix 1.6.4 locale-de_DE sprite-de_DE\"><\/div><div class=\"twoclick-js\"><script type=\"text\/javascript\">\/* <![CDATA[ *\/\njQuery(document).ready(function($){if($('.twoclick_social_bookmarks_post_275')){$('.twoclick_social_bookmarks_post_275').socialSharePrivacy({\"txt_help\":\"Wenn Sie diese Felder durch einen Klick aktivieren, werden Informationen an Facebook, Twitter, Flattr, Xing, t3n, LinkedIn, Pinterest oder Google eventuell ins Ausland \\u00fcbertragen und unter Umst\\u00e4nden auch dort gespeichert. N\\u00e4heres erfahren Sie durch einen Klick auf das <em>i<\\\/em>.\",\"settings_perma\":\"Dauerhaft aktivieren und Daten\\u00fcber-tragung zustimmen:\",\"info_link\":\"http:\\\/\\\/www.heise.de\\\/ct\\\/artikel\\\/2-Klicks-fuer-mehr-Datenschutz-1333879.html\",\"uri\":\"http:\\\/\\\/kathrinfutter.ch\\\/blog\\\/virtuelle-3d-welten\",\"post_id\":275,\"post_title_referrer_track\":\"Virtuelle+3D-Welten\",\"display_infobox\":\"on\"});}});\n\/* ]]> *\/<\/script><\/div><p>Via\u00a0<a href=\"http:\/\/www.elc.uzh.ch\/team.html\" target=\"_blank\">Ricarda Reimer vom E-Learning Center der Universit\u00e4t Z\u00fcrich,<\/a>\u00a0erfuhr ich von diesem Call, den ich gerne auf meinem Blog platziere:<\/p>\n<p><a href=\"http:\/\/kathrinfutter.ch\/blog\/wp-content\/uploads\/2009\/05\/3dwelten.png\" title=\"3dwelten.png\"><img decoding=\"async\" src=\"http:\/\/kathrinfutter.ch\/blog\/wp-content\/uploads\/2009\/05\/3dwelten.png\" alt=\"3dwelten.png\" \/><\/a><\/p>\n<p>Bereits\u00a0<a href=\"http:\/\/kathrinfutter.ch\/blog\/?p=217\" target=\"_blank\">hier<\/a>\u00a0habe ich schon einmal \u00fcber Second Life resp. die Initiativen von Ricarda Reimer bez\u00fcglich des Einsatzes von Second Life in der Hochschullehre berichtet.<\/p>\n<p>Nun geht es um den Call der 7. e-Learning Fachtagung der Gesellschaft f\u00fcr Informatik \/\u00a0<a href=\"http:\/\/blogs.uzh.ch\/3d-learning\/\" target=\"_blank\">LERNEN IM DIGITALEN ZEITALTER<\/a>\u00a0zum Thema: Virtuelle Welten &#8222;3D-Seminar- und Tagungsorte als internationale und hochschul\u00fcbergreifende E-Learning-Architekturen&#8220;.\u00a0<\/p>\n<blockquote><p>Internationalisierung und Hochschulkooperationen &#8211; bieten 3D-Umgebungen neuer Felder? Die Sicherung des internationalen fachwissenschaftlichen Diskurses kann \u00fcber die Durchf\u00fchrung von Tagungen, Konferenzen und Expert\/innen-Gespr\u00e4chen in Pr\u00e4senz betrieben werden. Jedoch bieten neuen Technologien Erweiterungen f\u00fcr diese klassischen Treffen an. So finden heutzutage schon einige Fachgespr\u00e4che \u00fcber Videoconference-Systeme statt. Eine g\u00e4nzlich andere Form der Begegnung und des Austausches sind durch Avatare in virtuellen Welten zu erzeugen.<\/p><\/blockquote>\n<p>Die Organisator\/-innen freuen sich \u00fcber interessierte Referent\/-innen aus sowohl Hochschule oder Wirtschaft und Personen, welche gerne von Ihrem heimischen PC aus \u201c in Second Life \u201c in Berlin mitdiskutieren m\u00f6chten. Selbstverst\u00e4ndlich begr\u00fcssen sie auch gerne Referent\/-innen vor Ort in Berlin \ud83d\ude09<\/p>","protected":false},"excerpt":{"rendered":"<p>Via\u00a0Ricarda Reimer vom E-Learning Center der Universit\u00e4t Z\u00fcrich,\u00a0erfuhr ich von diesem Call, den ich gerne auf meinem Blog platziere: Bereits\u00a0hier\u00a0habe ich schon einmal \u00fcber Second Life resp. die Initiativen von Ricarda Reimer bez\u00fcglich des Einsatzes von Second Life in der &hellip; <a href=\"http:\/\/kathrinfutter.ch\/blog\/virtuelle-3d-welten\">Weiterlesen <span class=\"meta-nav\">&rarr;<\/span><\/a><\/p>\n","protected":false},"author":1,"featured_media":0,"comment_status":"open","ping_status":"open","sticky":false,"template":"","format":"standard","meta":{"footnotes":""},"categories":[53,12,9],"tags":[234,103,71],"class_list":["post-275","post","type-post","status-publish","format-standard","hentry","category-bildung","category-hochschullehre","category-medienpadagogik","tag-hochschullehre","tag-second-life","tag-tagung"],"aioseo_notices":[],"_links":{"self":[{"href":"http:\/\/kathrinfutter.ch\/blog\/wp-json\/wp\/v2\/posts\/275"}],"collection":[{"href":"http:\/\/kathrinfutter.ch\/blog\/wp-json\/wp\/v2\/posts"}],"about":[{"href":"http:\/\/kathrinfutter.ch\/blog\/wp-json\/wp\/v2\/types\/post"}],"author":[{"embeddable":true,"href":"http:\/\/kathrinfutter.ch\/blog\/wp-json\/wp\/v2\/users\/1"}],"replies":[{"embeddable":true,"href":"http:\/\/kathrinfutter.ch\/blog\/wp-json\/wp\/v2\/comments?post=275"}],"version-history":[{"count":0,"href":"http:\/\/kathrinfutter.ch\/blog\/wp-json\/wp\/v2\/posts\/275\/revisions"}],"wp:attachment":[{"href":"http:\/\/kathrinfutter.ch\/blog\/wp-json\/wp\/v2\/media?parent=275"}],"wp:term":[{"taxonomy":"category","embeddable":true,"href":"http:\/\/kathrinfutter.ch\/blog\/wp-json\/wp\/v2\/categories?post=275"},{"taxonomy":"post_tag","embeddable":true,"href":"http:\/\/kathrinfutter.ch\/blog\/wp-json\/wp\/v2\/tags?post=275"}],"curies":[{"name":"wp","href":"https:\/\/api.w.org\/{rel}","templated":true}]}}