{"id":284,"date":"2009-06-15T12:23:15","date_gmt":"2009-06-15T18:23:15","guid":{"rendered":"http:\/\/kathrinfutter.ch\/blog\/?p=284"},"modified":"2009-06-15T12:25:01","modified_gmt":"2009-06-15T18:25:01","slug":"teachers-training-in-environmental-education","status":"publish","type":"post","link":"http:\/\/kathrinfutter.ch\/blog\/teachers-training-in-environmental-education","title":{"rendered":"Teachers&#8216; Training in Environmental Education"},"content":{"rendered":"<div class=\"twoclick_social_bookmarks_post_284 social_share_privacy clearfix 1.6.4 locale-de_DE sprite-de_DE\"><\/div><div class=\"twoclick-js\"><script type=\"text\/javascript\">\/* <![CDATA[ *\/\njQuery(document).ready(function($){if($('.twoclick_social_bookmarks_post_284')){$('.twoclick_social_bookmarks_post_284').socialSharePrivacy({\"txt_help\":\"Wenn Sie diese Felder durch einen Klick aktivieren, werden Informationen an Facebook, Twitter, Flattr, Xing, t3n, LinkedIn, Pinterest oder Google eventuell ins Ausland \\u00fcbertragen und unter Umst\\u00e4nden auch dort gespeichert. N\\u00e4heres erfahren Sie durch einen Klick auf das <em>i<\\\/em>.\",\"settings_perma\":\"Dauerhaft aktivieren und Daten\\u00fcber-tragung zustimmen:\",\"info_link\":\"http:\\\/\\\/www.heise.de\\\/ct\\\/artikel\\\/2-Klicks-fuer-mehr-Datenschutz-1333879.html\",\"uri\":\"http:\\\/\\\/kathrinfutter.ch\\\/blog\\\/teachers-training-in-environmental-education\",\"post_id\":284,\"post_title_referrer_track\":\"Teachers%26%238216%3B+Training+in+Environmental+Education\",\"display_infobox\":\"on\"});}});\n\/* ]]> *\/<\/script><\/div><p><a href=\"http:\/\/www.teacher-training-edu.org\/\" target=\"_blank\" title=\"eei.png\"><img decoding=\"async\" src=\"http:\/\/kathrinfutter.ch\/blog\/wp-content\/uploads\/2009\/06\/eei.png\" alt=\"eei.png\" \/><\/a><a href=\"http:\/\/kathrinfutter.ch\/blog\/wp-content\/uploads\/2009\/06\/bergweg.jpg\" title=\"bergweg.jpg\"><\/a><\/p>\n<p>Ich freue mich sehr, dass die Homepage unseres Projektes &#8222;Teachers&#8216; Training in Environmental Education&#8220; taufrisch im Netz steht:\u00a0<a href=\"http:\/\/www.teacher-training-edu.org\" target=\"_blank\">www.teacher-training-edu.org<\/a><\/p>\n<p>Seit dem Jahr 2003 f\u00fchren wir \u201c resp. unserer kenianische Projektleiterin \u201c j\u00e4hrlich ein Seminar in Umweltbildung f\u00fcr ostafrikanische Lehrpersonen durch. Diese vertiefen im f\u00fcnft\u00e4gigen Kurs einerseits ihr fachspezifisches Wissen, andererseits planen sie ein konkretes Projekt, welches sie an ihren Schulen mit interessierten Sch\u00fclerinnen und Sch\u00fcler durchf\u00fchren.<\/p>\n<p>Doch browsen Sie selbst auf der Seite!<\/p>","protected":false},"excerpt":{"rendered":"<p>Ich freue mich sehr, dass die Homepage unseres Projektes &#8222;Teachers&#8216; Training in Environmental Education&#8220; taufrisch im Netz steht:\u00a0www.teacher-training-edu.org Seit dem Jahr 2003 f\u00fchren wir \u201c resp. unserer kenianische Projektleiterin \u201c j\u00e4hrlich ein Seminar in Umweltbildung f\u00fcr ostafrikanische Lehrpersonen durch. Diese &hellip; <a href=\"http:\/\/kathrinfutter.ch\/blog\/teachers-training-in-environmental-education\">Weiterlesen <span class=\"meta-nav\">&rarr;<\/span><\/a><\/p>\n","protected":false},"author":1,"featured_media":0,"comment_status":"open","ping_status":"open","sticky":false,"template":"","format":"standard","meta":{"footnotes":""},"categories":[53,5,7,69],"tags":[110,109,111],"class_list":["post-284","post","type-post","status-publish","format-standard","hentry","category-bildung","category-didaktik","category-lehrer-innenbildung","category-schule","tag-afrika","tag-lehrerweiterbildung","tag-umweltbildung"],"aioseo_notices":[],"aioseo_head":"\n\t\t<!-- All in One SEO 5.0.1.1 - aioseo.com -->\n\t<meta name=\"robots\" content=\"max-image-preview:large\" \/>\n\t<meta name=\"author\" content=\"admin\"\/>\n\t<link rel=\"canonical\" href=\"http:\/\/kathrinfutter.ch\/blog\/teachers-training-in-environmental-education\" \/>\n\t<meta name=\"generator\" content=\"All in One SEO (AIOSEO) 5.0.1.1\" \/>\n\t\t<meta property=\"og:locale\" content=\"de_DE\" \/>\n\t\t<meta property=\"og:site_name\" content=\"Bildungsfutter |\" \/>\n\t\t<meta property=\"og:type\" content=\"article\" \/>\n\t\t<meta property=\"og:title\" content=\"Teachers\u2018 Training in Environmental Education | Bildungsfutter\" \/>\n\t\t<meta property=\"og:url\" content=\"http:\/\/kathrinfutter.ch\/blog\/teachers-training-in-environmental-education\" \/>\n\t\t<meta property=\"article:published_time\" content=\"2009-06-15T18:23:15+00:00\" \/>\n\t\t<meta property=\"article:modified_time\" content=\"2009-06-15T18:25:01+00:00\" \/>\n\t\t<meta name=\"twitter:card\" content=\"summary\" \/>\n\t\t<meta name=\"twitter:title\" content=\"Teachers\u2018 Training in Environmental Education | Bildungsfutter\" \/>\n\t\t<script type=\"application\/ld+json\" class=\"aioseo-schema\">\n\t\t\t{\"@context\":\"https:\\\/\\\/schema.org\",\"@graph\":[{\"@type\":\"Article\",\"@id\":\"http:\\\/\\\/kathrinfutter.ch\\\/blog\\\/teachers-training-in-environmental-education#article\",\"name\":\"Teachers\\u2018 Training in Environmental Education | Bildungsfutter\",\"headline\":\"Teachers&#8216; Training in Environmental Education\",\"author\":{\"@id\":\"http:\\\/\\\/kathrinfutter.ch\\\/blog\\\/author\\\/admin#author\"},\"publisher\":{\"@id\":\"http:\\\/\\\/kathrinfutter.ch\\\/blog\\\/#organization\"},\"image\":{\"@type\":\"ImageObject\",\"url\":\"http:\\\/\\\/kathrinfutter.ch\\\/blog\\\/wp-content\\\/uploads\\\/2009\\\/06\\\/eei.png\",\"@id\":\"http:\\\/\\\/kathrinfutter.ch\\\/blog\\\/teachers-training-in-environmental-education\\\/#articleImage\"},\"datePublished\":\"2009-06-15T12:23:15+02:00\",\"dateModified\":\"2009-06-15T12:25:01+02:00\",\"inLanguage\":\"de-DE\",\"mainEntityOfPage\":{\"@id\":\"http:\\\/\\\/kathrinfutter.ch\\\/blog\\\/teachers-training-in-environmental-education#webpage\"},\"isPartOf\":{\"@id\":\"http:\\\/\\\/kathrinfutter.ch\\\/blog\\\/teachers-training-in-environmental-education#webpage\"},\"articleSection\":\"Bildung, Didaktik, Lehrer\\\/-innenbildung, Schule, Afrika, Lehrerweiterbildung, Umweltbildung\"},{\"@type\":\"BreadcrumbList\",\"@id\":\"http:\\\/\\\/kathrinfutter.ch\\\/blog\\\/teachers-training-in-environmental-education#breadcrumblist\",\"itemListElement\":[{\"@type\":\"ListItem\",\"@id\":\"http:\\\/\\\/kathrinfutter.ch\\\/blog#listItem\",\"position\":1,\"name\":\"Home\",\"item\":\"http:\\\/\\\/kathrinfutter.ch\\\/blog\",\"nextItem\":{\"@type\":\"ListItem\",\"@id\":\"http:\\\/\\\/kathrinfutter.ch\\\/blog\\\/category\\\/didaktik#listItem\",\"name\":\"Didaktik\"}},{\"@type\":\"ListItem\",\"@id\":\"http:\\\/\\\/kathrinfutter.ch\\\/blog\\\/category\\\/didaktik#listItem\",\"position\":2,\"name\":\"Didaktik\",\"item\":\"http:\\\/\\\/kathrinfutter.ch\\\/blog\\\/category\\\/didaktik\",\"nextItem\":{\"@type\":\"ListItem\",\"@id\":\"http:\\\/\\\/kathrinfutter.ch\\\/blog\\\/teachers-training-in-environmental-education#listItem\",\"name\":\"Teachers&#8216; Training in Environmental Education\"},\"previousItem\":{\"@type\":\"ListItem\",\"@id\":\"http:\\\/\\\/kathrinfutter.ch\\\/blog#listItem\",\"name\":\"Home\"}},{\"@type\":\"ListItem\",\"@id\":\"http:\\\/\\\/kathrinfutter.ch\\\/blog\\\/teachers-training-in-environmental-education#listItem\",\"position\":3,\"name\":\"Teachers&#8216; Training in Environmental Education\",\"previousItem\":{\"@type\":\"ListItem\",\"@id\":\"http:\\\/\\\/kathrinfutter.ch\\\/blog\\\/category\\\/didaktik#listItem\",\"name\":\"Didaktik\"}}]},{\"@type\":\"Organization\",\"@id\":\"http:\\\/\\\/kathrinfutter.ch\\\/blog\\\/#organization\",\"name\":\"Bildungsfutter\",\"url\":\"http:\\\/\\\/kathrinfutter.ch\\\/blog\\\/\"},{\"@type\":\"Person\",\"@id\":\"http:\\\/\\\/kathrinfutter.ch\\\/blog\\\/author\\\/admin#author\",\"url\":\"http:\\\/\\\/kathrinfutter.ch\\\/blog\\\/author\\\/admin\",\"name\":\"admin\",\"image\":{\"@type\":\"ImageObject\",\"@id\":\"http:\\\/\\\/kathrinfutter.ch\\\/blog\\\/teachers-training-in-environmental-education#authorImage\",\"url\":\"http:\\\/\\\/1.gravatar.com\\\/avatar\\\/d93de0e4ac2f0c3ee0c2bb35e714aae3?s=96&d=mm&r=g\",\"width\":96,\"height\":96,\"caption\":\"admin\"}},{\"@type\":\"WebPage\",\"@id\":\"http:\\\/\\\/kathrinfutter.ch\\\/blog\\\/teachers-training-in-environmental-education#webpage\",\"url\":\"http:\\\/\\\/kathrinfutter.ch\\\/blog\\\/teachers-training-in-environmental-education\",\"name\":\"Teachers\\u2018 Training in Environmental Education | Bildungsfutter\",\"inLanguage\":\"de-DE\",\"isPartOf\":{\"@id\":\"http:\\\/\\\/kathrinfutter.ch\\\/blog\\\/#website\"},\"breadcrumb\":{\"@id\":\"http:\\\/\\\/kathrinfutter.ch\\\/blog\\\/teachers-training-in-environmental-education#breadcrumblist\"},\"author\":{\"@id\":\"http:\\\/\\\/kathrinfutter.ch\\\/blog\\\/author\\\/admin#author\"},\"creator\":{\"@id\":\"http:\\\/\\\/kathrinfutter.ch\\\/blog\\\/author\\\/admin#author\"},\"datePublished\":\"2009-06-15T12:23:15+02:00\",\"dateModified\":\"2009-06-15T12:25:01+02:00\"},{\"@type\":\"WebSite\",\"@id\":\"http:\\\/\\\/kathrinfutter.ch\\\/blog\\\/#website\",\"url\":\"http:\\\/\\\/kathrinfutter.ch\\\/blog\\\/\",\"name\":\"Bildungsfutter\",\"inLanguage\":\"de-DE\",\"publisher\":{\"@id\":\"http:\\\/\\\/kathrinfutter.ch\\\/blog\\\/#organization\"}}]}\n\t\t<\/script>\n\t\t<!-- All in One SEO -->\n\n","aioseo_head_json":{"title":"Teachers\u2018 Training in Environmental Education | Bildungsfutter","description":"","canonical_url":"http:\/\/kathrinfutter.ch\/blog\/teachers-training-in-environmental-education","robots":"max-image-preview:large","keywords":"","webmasterTools":{"miscellaneous":""},"schema":{"@context":"https:\/\/schema.org","@graph":[{"@type":"Article","@id":"http:\/\/kathrinfutter.ch\/blog\/teachers-training-in-environmental-education#article","name":"Teachers\u2018 Training in Environmental Education | Bildungsfutter","headline":"Teachers&#8216; Training in Environmental Education","author":{"@id":"http:\/\/kathrinfutter.ch\/blog\/author\/admin#author"},"publisher":{"@id":"http:\/\/kathrinfutter.ch\/blog\/#organization"},"image":{"@type":"ImageObject","url":"http:\/\/kathrinfutter.ch\/blog\/wp-content\/uploads\/2009\/06\/eei.png","@id":"http:\/\/kathrinfutter.ch\/blog\/teachers-training-in-environmental-education\/#articleImage"},"datePublished":"2009-06-15T12:23:15+02:00","dateModified":"2009-06-15T12:25:01+02:00","inLanguage":"de-DE","mainEntityOfPage":{"@id":"http:\/\/kathrinfutter.ch\/blog\/teachers-training-in-environmental-education#webpage"},"isPartOf":{"@id":"http:\/\/kathrinfutter.ch\/blog\/teachers-training-in-environmental-education#webpage"},"articleSection":"Bildung, Didaktik, Lehrer\/-innenbildung, Schule, Afrika, Lehrerweiterbildung, Umweltbildung"},{"@type":"BreadcrumbList","@id":"http:\/\/kathrinfutter.ch\/blog\/teachers-training-in-environmental-education#breadcrumblist","itemListElement":[{"@type":"ListItem","@id":"http:\/\/kathrinfutter.ch\/blog#listItem","position":1,"name":"Home","item":"http:\/\/kathrinfutter.ch\/blog","nextItem":{"@type":"ListItem","@id":"http:\/\/kathrinfutter.ch\/blog\/category\/didaktik#listItem","name":"Didaktik"}},{"@type":"ListItem","@id":"http:\/\/kathrinfutter.ch\/blog\/category\/didaktik#listItem","position":2,"name":"Didaktik","item":"http:\/\/kathrinfutter.ch\/blog\/category\/didaktik","nextItem":{"@type":"ListItem","@id":"http:\/\/kathrinfutter.ch\/blog\/teachers-training-in-environmental-education#listItem","name":"Teachers&#8216; Training in Environmental Education"},"previousItem":{"@type":"ListItem","@id":"http:\/\/kathrinfutter.ch\/blog#listItem","name":"Home"}},{"@type":"ListItem","@id":"http:\/\/kathrinfutter.ch\/blog\/teachers-training-in-environmental-education#listItem","position":3,"name":"Teachers&#8216; Training in Environmental Education","previousItem":{"@type":"ListItem","@id":"http:\/\/kathrinfutter.ch\/blog\/category\/didaktik#listItem","name":"Didaktik"}}]},{"@type":"Organization","@id":"http:\/\/kathrinfutter.ch\/blog\/#organization","name":"Bildungsfutter","url":"http:\/\/kathrinfutter.ch\/blog\/"},{"@type":"Person","@id":"http:\/\/kathrinfutter.ch\/blog\/author\/admin#author","url":"http:\/\/kathrinfutter.ch\/blog\/author\/admin","name":"admin","image":{"@type":"ImageObject","@id":"http:\/\/kathrinfutter.ch\/blog\/teachers-training-in-environmental-education#authorImage","url":"http:\/\/1.gravatar.com\/avatar\/d93de0e4ac2f0c3ee0c2bb35e714aae3?s=96&d=mm&r=g","width":96,"height":96,"caption":"admin"}},{"@type":"WebPage","@id":"http:\/\/kathrinfutter.ch\/blog\/teachers-training-in-environmental-education#webpage","url":"http:\/\/kathrinfutter.ch\/blog\/teachers-training-in-environmental-education","name":"Teachers\u2018 Training in Environmental Education | Bildungsfutter","inLanguage":"de-DE","isPartOf":{"@id":"http:\/\/kathrinfutter.ch\/blog\/#website"},"breadcrumb":{"@id":"http:\/\/kathrinfutter.ch\/blog\/teachers-training-in-environmental-education#breadcrumblist"},"author":{"@id":"http:\/\/kathrinfutter.ch\/blog\/author\/admin#author"},"creator":{"@id":"http:\/\/kathrinfutter.ch\/blog\/author\/admin#author"},"datePublished":"2009-06-15T12:23:15+02:00","dateModified":"2009-06-15T12:25:01+02:00"},{"@type":"WebSite","@id":"http:\/\/kathrinfutter.ch\/blog\/#website","url":"http:\/\/kathrinfutter.ch\/blog\/","name":"Bildungsfutter","inLanguage":"de-DE","publisher":{"@id":"http:\/\/kathrinfutter.ch\/blog\/#organization"}}]},"og:locale":"de_DE","og:site_name":"Bildungsfutter |","og:type":"article","og:title":"Teachers\u2018 Training in Environmental Education | Bildungsfutter","og:url":"http:\/\/kathrinfutter.ch\/blog\/teachers-training-in-environmental-education","article:published_time":"2009-06-15T18:23:15+00:00","article:modified_time":"2009-06-15T18:25:01+00:00","twitter:card":"summary","twitter:title":"Teachers\u2018 Training in Environmental Education | Bildungsfutter"},"aioseo_meta_data":{"post_id":"284","title":null,"description":null,"keywords":null,"keyphrases":null,"primary_term":null,"canonical_url":null,"og_title":null,"og_description":null,"og_object_type":"default","og_image_type":"default","og_image_url":null,"og_image_width":null,"og_image_height":null,"og_image_custom_url":null,"og_image_custom_fields":null,"og_video":null,"og_custom_url":null,"og_article_section":null,"og_article_tags":null,"twitter_use_og":false,"twitter_card":"default","twitter_image_type":"default","twitter_image_url":null,"twitter_image_custom_url":null,"twitter_image_custom_fields":null,"twitter_title":null,"twitter_description":null,"schema":{"blockGraphs":[],"customGraphs":[],"default":{"data":{"Article":[],"Course":[],"Dataset":[],"FAQPage":[],"Movie":[],"Person":[],"Product":[],"ProductReview":[],"Car":[],"Recipe":[],"Service":[],"SoftwareApplication":[],"WebPage":[]},"graphName":"","isEnabled":true},"graphs":[]},"schema_type":null,"schema_type_options":null,"pillar_content":false,"robots_default":true,"robots_noindex":false,"robots_noarchive":false,"robots_nosnippet":false,"robots_nofollow":false,"robots_noimageindex":false,"robots_noodp":false,"robots_notranslate":false,"robots_max_snippet":null,"robots_max_videopreview":null,"robots_max_imagepreview":"large","priority":null,"frequency":null,"local_seo":null,"breadcrumb_settings":null,"limit_modified_date":false,"ai":null,"created":"2021-03-08 10:38:00","updated":"2025-06-03 23:30:56","seo_analyzer_scan_date":null,"focus_keyword":null,"additional_keywords":null,"truseo_locale":null},"aioseo_breadcrumb":"<div class=\"aioseo-breadcrumbs\"><span class=\"aioseo-breadcrumb\">\n\t\t\t<a href=\"http:\/\/kathrinfutter.ch\/blog\" title=\"Home\">Home<\/a>\n\t\t<\/span><span class=\"aioseo-breadcrumb-separator\">&raquo;<\/span><span class=\"aioseo-breadcrumb\">\n\t\t\t<a href=\"http:\/\/kathrinfutter.ch\/blog\/category\/didaktik\" title=\"Didaktik\">Didaktik<\/a>\n\t\t<\/span><span class=\"aioseo-breadcrumb-separator\">&raquo;<\/span><span class=\"aioseo-breadcrumb\">\n\t\t\tTeachers\u2018 Training in Environmental Education\n\t\t<\/span><\/div>","aioseo_breadcrumb_json":[{"label":"Home","link":"http:\/\/kathrinfutter.ch\/blog"},{"label":"Didaktik","link":"http:\/\/kathrinfutter.ch\/blog\/category\/didaktik"},{"label":"Teachers&#8216; Training in Environmental Education","link":"http:\/\/kathrinfutter.ch\/blog\/teachers-training-in-environmental-education"}],"_links":{"self":[{"href":"http:\/\/kathrinfutter.ch\/blog\/wp-json\/wp\/v2\/posts\/284"}],"collection":[{"href":"http:\/\/kathrinfutter.ch\/blog\/wp-json\/wp\/v2\/posts"}],"about":[{"href":"http:\/\/kathrinfutter.ch\/blog\/wp-json\/wp\/v2\/types\/post"}],"author":[{"embeddable":true,"href":"http:\/\/kathrinfutter.ch\/blog\/wp-json\/wp\/v2\/users\/1"}],"replies":[{"embeddable":true,"href":"http:\/\/kathrinfutter.ch\/blog\/wp-json\/wp\/v2\/comments?post=284"}],"version-history":[{"count":0,"href":"http:\/\/kathrinfutter.ch\/blog\/wp-json\/wp\/v2\/posts\/284\/revisions"}],"wp:attachment":[{"href":"http:\/\/kathrinfutter.ch\/blog\/wp-json\/wp\/v2\/media?parent=284"}],"wp:term":[{"taxonomy":"category","embeddable":true,"href":"http:\/\/kathrinfutter.ch\/blog\/wp-json\/wp\/v2\/categories?post=284"},{"taxonomy":"post_tag","embeddable":true,"href":"http:\/\/kathrinfutter.ch\/blog\/wp-json\/wp\/v2\/tags?post=284"}],"curies":[{"name":"wp","href":"https:\/\/api.w.org\/{rel}","templated":true}]}}