{"id":29,"date":"2008-04-24T08:07:52","date_gmt":"2008-04-24T14:07:52","guid":{"rendered":"http:\/\/kathrinfutter.ch\/blog\/?p=29"},"modified":"2008-04-24T15:17:34","modified_gmt":"2008-04-24T21:17:34","slug":"wissenschafts-undoder-wissensblogs","status":"publish","type":"post","link":"http:\/\/kathrinfutter.ch\/blog\/wissenschafts-undoder-wissensblogs","title":{"rendered":"Wissenschafts- und\/oder Wissensblog?"},"content":{"rendered":"<div class=\"twoclick_social_bookmarks_post_29 social_share_privacy clearfix 1.6.4 locale-de_DE sprite-de_DE\"><\/div><div class=\"twoclick-js\"><script type=\"text\/javascript\">\/* <![CDATA[ *\/\njQuery(document).ready(function($){if($('.twoclick_social_bookmarks_post_29')){$('.twoclick_social_bookmarks_post_29').socialSharePrivacy({\"txt_help\":\"Wenn Sie diese Felder durch einen Klick aktivieren, werden Informationen an Facebook, Twitter, Flattr, Xing, t3n, LinkedIn, Pinterest oder Google eventuell ins Ausland \\u00fcbertragen und unter Umst\\u00e4nden auch dort gespeichert. N\\u00e4heres erfahren Sie durch einen Klick auf das <em>i<\\\/em>.\",\"settings_perma\":\"Dauerhaft aktivieren und Daten\\u00fcber-tragung zustimmen:\",\"info_link\":\"http:\\\/\\\/www.heise.de\\\/ct\\\/artikel\\\/2-Klicks-fuer-mehr-Datenschutz-1333879.html\",\"uri\":\"http:\\\/\\\/kathrinfutter.ch\\\/blog\\\/wissenschafts-undoder-wissensblogs\",\"post_id\":29,\"post_title_referrer_track\":\"Wissenschafts-+und%2Foder+Wissensblog%3F\",\"display_infobox\":\"on\"});}});\n\/* ]]> *\/<\/script><\/div><p>Angeregt durch die Blogeintrag von Matthias Rohs (<a href=\"http:\/\/www.informelles-lernen.de\/blog\/?p=65\" target=\"_blank\" title=\"http:\/\/www.informelles-lernen.de\/blog\/?p=65\">hier<\/a>), studierte ich dieser Idee eines G\u00fctesiegels bez\u00fcglich Wissenschaftsblogs etwas nach und stiess dann auch auf folgenden Blog von Monika Armand (<a href=\"http:\/\/wissenschaftsblogs.blogspot.com\/\" target=\"_blank\" title=\"http:\/\/wissenschaftsblogs.blogspot.com\/\">hier<\/a>), welcher sich zum Thema setzt, dar\u00fcber zu reflektieren, was (gute) Wissenschaftsblogs sind resp. welche Faktoren diese kennzeichnen. Nun scheint dies gar nicht so einfach zu sein und f\u00fcr mich als &#8222;Novizin&#8220; in diesem Genre eine gute Einstiegsfrage. Denn: Auch ich \u00fcberlege mir ja, wor\u00fcber ich bloggen soll, welche Inhalte sinnvoll sind, wer \u00fcberhaupt die Eintr\u00e4ge liest und ob das Ganze sich nicht eher im Rahmen des pers\u00f6nlichen Wissensmanagement abspielt.<!--more--><\/p>\n<p>Reinmann und Bianco stellen auf S. 7 ihres\u00a0<a href=\"http:\/\/www.imb-uni-augsburg.de\/files\/Arbeitsbericht_17.pdf\" target=\"_blank\" title=\"http:\/\/www.imb-uni-augsburg.de\/files\/Arbeitsbericht_17.pdf\">Arbeitsberichts 17<\/a>\u00a0(Februar 2008, Konzeptpapier) \u00abKnowledge Blogs zwischen Kompetenz, Autonomie und sozialer Eingebundenheit\u00bb die Frage, ob allenfalls jede und jeder f\u00fcr sich selbst das Bloggen erfinden muss? Mir scheint dazu die von den Autorinnen vorgeschlagene Selbstbestimmungstheorie von Deci und Ryan (1985, 1993) sehr geeignet, einen theoretischen Rahmen f\u00fcr die eigene Blog-T\u00e4tigkeit zu sein: Denn genau die &#8222;basic needs&#8220; nach Kompetenz, Autonomie und sozialer Eingebundenheit f\u00f6rderten auch meine intrinsische Motivation einen Blog zu er\u00f6ffnen &#8211; angeregt durch Vorbildern, aber nun auf eigenen Wegen (vgl.\u00a0<a href=\"http:\/\/kathrinfutter.ch\/blog\/?page_id=2\" title=\"http:\/\/kathrinfutter.ch\/blog\/?page_id=2\" target=\"_blank\">About<\/a>). W\u00fcrde ich dazu gezwungen werden, w\u00e4re meine Motivation bestimmt viel kleiner! Wahrscheinlich bewege ich mich in einer Grauzone zwischen &#8222;Wissensblog&#8220; und &#8222;Wissenschaftsblog&#8220;: Einerseits bin ich als Person (welche ihr pers\u00f6nliches Wissen managen m\u00f6chte) an zwei Universit\u00e4ten t\u00e4tig und dies sind Orte, die als genuine Wissensorganisationen bezeichnet werden k\u00f6nnen. Also Wissens- und Wissenschaftsblog &#8211; so die vorl\u00e4ufige Bezeichnung von &#8222;Bildungsfutter&#8220;.\u00a0<!--more--><\/p>\n<p>Quellen:\u00a0<\/p>\n<ul>\n<li>Decy, E.L. &amp; Ryan, R.M. (1985). Intrinsic motivation and self-determination in human behavior. New York: Plenum.<\/li>\n<li>Deci, E. L., &amp; Ryan, R. M. (1993). Die Selbstbestimmungstheorie der Motivation und ihre Bedeutung f\u00fcr die P\u00e4dagogik. Zeitschrift f\u00fcr P\u00e4dagogik, 39, 223-238.<\/li>\n<li>Reinmann, G. &amp; Bianco, T. (2008). Arbeitsbericht 17: Knowledge Blogs zwischen Kompetenz, Autonomie und sozialer Eingebundenheit. Februar 08 (Konzeptpapier). Download:\u00a0www.imb-uni-augsburg.de\/files\/<strong>Arbeitsbericht<\/strong>_<strong>17<\/strong>.pdf<\/li>\n<\/ul>\n<p><span class=\"Apple-style-span\" style=\"font-weight: bold\"><\/span><\/p>","protected":false},"excerpt":{"rendered":"<p>Angeregt durch die Blogeintrag von Matthias Rohs (hier), studierte ich dieser Idee eines G\u00fctesiegels bez\u00fcglich Wissenschaftsblogs etwas nach und stiess dann auch auf folgenden Blog von Monika Armand (hier), welcher sich zum Thema setzt, dar\u00fcber zu reflektieren, was (gute) Wissenschaftsblogs &hellip; <a href=\"http:\/\/kathrinfutter.ch\/blog\/wissenschafts-undoder-wissensblogs\">Weiterlesen <span class=\"meta-nav\">&rarr;<\/span><\/a><\/p>\n","protected":false},"author":1,"featured_media":0,"comment_status":"open","ping_status":"open","sticky":false,"template":"","format":"standard","meta":{"footnotes":""},"categories":[3,9],"tags":[20,235,21,22],"class_list":["post-29","post","type-post","status-publish","format-standard","hentry","category-diverses","category-medienpadagogik","tag-blog","tag-web20","tag-wissenschaft","tag-wissensmanagement"],"aioseo_notices":[],"_links":{"self":[{"href":"http:\/\/kathrinfutter.ch\/blog\/wp-json\/wp\/v2\/posts\/29"}],"collection":[{"href":"http:\/\/kathrinfutter.ch\/blog\/wp-json\/wp\/v2\/posts"}],"about":[{"href":"http:\/\/kathrinfutter.ch\/blog\/wp-json\/wp\/v2\/types\/post"}],"author":[{"embeddable":true,"href":"http:\/\/kathrinfutter.ch\/blog\/wp-json\/wp\/v2\/users\/1"}],"replies":[{"embeddable":true,"href":"http:\/\/kathrinfutter.ch\/blog\/wp-json\/wp\/v2\/comments?post=29"}],"version-history":[{"count":0,"href":"http:\/\/kathrinfutter.ch\/blog\/wp-json\/wp\/v2\/posts\/29\/revisions"}],"wp:attachment":[{"href":"http:\/\/kathrinfutter.ch\/blog\/wp-json\/wp\/v2\/media?parent=29"}],"wp:term":[{"taxonomy":"category","embeddable":true,"href":"http:\/\/kathrinfutter.ch\/blog\/wp-json\/wp\/v2\/categories?post=29"},{"taxonomy":"post_tag","embeddable":true,"href":"http:\/\/kathrinfutter.ch\/blog\/wp-json\/wp\/v2\/tags?post=29"}],"curies":[{"name":"wp","href":"https:\/\/api.w.org\/{rel}","templated":true}]}}