{"id":295,"date":"2009-07-03T09:41:24","date_gmt":"2009-07-03T15:41:24","guid":{"rendered":"http:\/\/kathrinfutter.ch\/blog\/?p=295"},"modified":"2009-07-03T09:41:24","modified_gmt":"2009-07-03T15:41:24","slug":"nonliner-atlas-2009","status":"publish","type":"post","link":"http:\/\/kathrinfutter.ch\/blog\/nonliner-atlas-2009","title":{"rendered":"(N)Onliner Atlas 2009"},"content":{"rendered":"<div class=\"twoclick_social_bookmarks_post_295 social_share_privacy clearfix 1.6.4 locale-de_DE sprite-de_DE\"><\/div><div class=\"twoclick-js\"><script type=\"text\/javascript\">\/* <![CDATA[ *\/\njQuery(document).ready(function($){if($('.twoclick_social_bookmarks_post_295')){$('.twoclick_social_bookmarks_post_295').socialSharePrivacy({\"txt_help\":\"Wenn Sie diese Felder durch einen Klick aktivieren, werden Informationen an Facebook, Twitter, Flattr, Xing, t3n, LinkedIn, Pinterest oder Google eventuell ins Ausland \\u00fcbertragen und unter Umst\\u00e4nden auch dort gespeichert. N\\u00e4heres erfahren Sie durch einen Klick auf das <em>i<\\\/em>.\",\"settings_perma\":\"Dauerhaft aktivieren und Daten\\u00fcber-tragung zustimmen:\",\"info_link\":\"http:\\\/\\\/www.heise.de\\\/ct\\\/artikel\\\/2-Klicks-fuer-mehr-Datenschutz-1333879.html\",\"uri\":\"http:\\\/\\\/kathrinfutter.ch\\\/blog\\\/nonliner-atlas-2009\",\"post_id\":295,\"post_title_referrer_track\":\"%28N%29Onliner+Atlas+2009\",\"display_infobox\":\"on\"});}});\n\/* ]]> *\/<\/script><\/div><blockquote><p>Berlin, 30. Juni 2009 &#8211; Laut (N)ONLINER Atlas 2009 ist der Onliner-Anteil in Deutschland im Vergleichzum Vorjahr um vier Prozentpunkte auf 69,1 Prozent deutlich gestiegen und weist damit diezweith\u00f6chste Steigerungsrate der letzten sechs Jahre auf. Gleichzeitig ist der Offliner-Anteil um 3,3 Prozentpunkte auf 26,6 Prozent gesunken. Mit 4,3 Prozent wollen 0,6 Prozent weniger Nutzungsplaner als im Vorjahr in den n\u00e4chsten zw\u00f6lf Monaten das Internet neu f\u00fcr sich entdecken.<\/p><\/blockquote>\n<p>Das sind zentrale Ergebnisse des (N)ONLINER Atlas 2009, einer Studie der Initiative D21, die bereitszum neunten Mal von TNS Infratest durchgef\u00fchrt wurde. Jedes Jahr werden in Deutschlands gr\u00f6\u00dfter repr\u00e4sentativer Studie zur Internetnutzung die Ver\u00e4nderungen in diesem Bereich detailliert beleuchtet. Mit \u00fcber 30.000 Interviews dokumentiert der diesj\u00e4hrige <a href=\"http:\/\/nonliner-atlas.de\">(N)ONLINER Atlas<\/a> Strukturen der Nutzung und Nichtnutzung nach Kriterien wie Alter, Geschlecht, Einkommen, Bildungsstand oder Besch\u00e4ftigungund ver\u00f6ffentlicht regionale Vergleiche nach Bundesl\u00e4ndern, Regierungsbezirken und Ortsgr\u00f6\u00dfenklassen.<\/p>\n<p>Interessant sind die Entwicklung bei den Geschlechtern resp. Altersgruppen. So ist bei den Frauen eine deutlichere Erh\u00f6hung des Anteils der Internetnutzung festzustellen als bei den M\u00e4nnern. Die Internetnutzung nimmt in allen Altersgruppen zu, doch am st\u00e4rksten bei den 60-69-j\u00e4hrigen. Ich kann mich zudem der Meinung von <a href=\"http:\/\/sandrainthesky.wordpress.com\/2009\/06\/30\/nonliner-atlas-2009-zentrale-ergebnisse\/\">Sandra Hofhues<\/a> anschliessen, dass es wenig \u00fcberraschend ist, dass M\u00e4nner das Internet h\u00e4ufiger nutzen als Frauen und dass ein Zusammenhang zwischen Internetnutzung und Berufst\u00e4tigkeit besteht (das Internet wird weitaus h\u00e4ufiger von Berufst\u00e4tigen genutzt).<\/p>","protected":false},"excerpt":{"rendered":"<p>Berlin, 30. Juni 2009 &#8211; Laut (N)ONLINER Atlas 2009 ist der Onliner-Anteil in Deutschland im Vergleichzum Vorjahr um vier Prozentpunkte auf 69,1 Prozent deutlich gestiegen und weist damit diezweith\u00f6chste Steigerungsrate der letzten sechs Jahre auf. Gleichzeitig ist der Offliner-Anteil um &hellip; <a href=\"http:\/\/kathrinfutter.ch\/blog\/nonliner-atlas-2009\">Weiterlesen <span class=\"meta-nav\">&rarr;<\/span><\/a><\/p>\n","protected":false},"author":1,"featured_media":0,"comment_status":"open","ping_status":"open","sticky":false,"template":"","format":"standard","meta":{"footnotes":""},"categories":[9,23],"tags":[120,118,67,119],"class_list":["post-295","post","type-post","status-publish","format-standard","hentry","category-medienpadagogik","category-web20","tag-nonliner-atlas","tag-erhebung","tag-internet","tag-internetnutzung"],"aioseo_notices":[],"_links":{"self":[{"href":"http:\/\/kathrinfutter.ch\/blog\/wp-json\/wp\/v2\/posts\/295"}],"collection":[{"href":"http:\/\/kathrinfutter.ch\/blog\/wp-json\/wp\/v2\/posts"}],"about":[{"href":"http:\/\/kathrinfutter.ch\/blog\/wp-json\/wp\/v2\/types\/post"}],"author":[{"embeddable":true,"href":"http:\/\/kathrinfutter.ch\/blog\/wp-json\/wp\/v2\/users\/1"}],"replies":[{"embeddable":true,"href":"http:\/\/kathrinfutter.ch\/blog\/wp-json\/wp\/v2\/comments?post=295"}],"version-history":[{"count":0,"href":"http:\/\/kathrinfutter.ch\/blog\/wp-json\/wp\/v2\/posts\/295\/revisions"}],"wp:attachment":[{"href":"http:\/\/kathrinfutter.ch\/blog\/wp-json\/wp\/v2\/media?parent=295"}],"wp:term":[{"taxonomy":"category","embeddable":true,"href":"http:\/\/kathrinfutter.ch\/blog\/wp-json\/wp\/v2\/categories?post=295"},{"taxonomy":"post_tag","embeddable":true,"href":"http:\/\/kathrinfutter.ch\/blog\/wp-json\/wp\/v2\/tags?post=295"}],"curies":[{"name":"wp","href":"https:\/\/api.w.org\/{rel}","templated":true}]}}