{"id":479,"date":"2009-10-26T01:29:41","date_gmt":"2009-10-26T07:29:41","guid":{"rendered":"http:\/\/kathrinfutter.ch\/blog\/?p=479"},"modified":"2009-10-26T01:30:03","modified_gmt":"2009-10-26T07:30:03","slug":"100-sekunden-wissen-john-dewey","status":"publish","type":"post","link":"http:\/\/kathrinfutter.ch\/blog\/100-sekunden-wissen-john-dewey","title":{"rendered":"100 Sekunden Wissen: John Dewey"},"content":{"rendered":"<div class=\"twoclick_social_bookmarks_post_479 social_share_privacy clearfix 1.6.4 locale-de_DE sprite-de_DE\"><\/div><div class=\"twoclick-js\"><script type=\"text\/javascript\">\/* <![CDATA[ *\/\njQuery(document).ready(function($){if($('.twoclick_social_bookmarks_post_479')){$('.twoclick_social_bookmarks_post_479').socialSharePrivacy({\"txt_help\":\"Wenn Sie diese Felder durch einen Klick aktivieren, werden Informationen an Facebook, Twitter, Flattr, Xing, t3n, LinkedIn, Pinterest oder Google eventuell ins Ausland \\u00fcbertragen und unter Umst\\u00e4nden auch dort gespeichert. N\\u00e4heres erfahren Sie durch einen Klick auf das <em>i<\\\/em>.\",\"settings_perma\":\"Dauerhaft aktivieren und Daten\\u00fcber-tragung zustimmen:\",\"info_link\":\"http:\\\/\\\/www.heise.de\\\/ct\\\/artikel\\\/2-Klicks-fuer-mehr-Datenschutz-1333879.html\",\"uri\":\"http:\\\/\\\/kathrinfutter.ch\\\/blog\\\/100-sekunden-wissen-john-dewey\",\"post_id\":479,\"post_title_referrer_track\":\"100+Sekunden+Wissen%3A+John+Dewey\",\"display_infobox\":\"on\"});}});\n\/* ]]> *\/<\/script><\/div><p><a href=\"http:\/\/blog.drs.ch\/blog\/100-sekunden-wissen\/d\/2009\/10\/20\/john-dewey\" target=\"_blank\"><img loading=\"lazy\" decoding=\"async\" class=\"alignnone size-full wp-image-480\" title=\"091020_dewey\" src=\"http:\/\/kathrinfutter.ch\/blog\/wp-content\/uploads\/2009\/10\/091020_dewey.jpg\" alt=\"091020_dewey\" width=\"120\" height=\"90\" \/><\/a><\/p>\n<p>Wieder einmal ein p\u00e4dagogischer 100-Sekunden-Beitrag von Radio DRS 2!<\/p>\n<p>Zum Anh\u00f6ren aufs Bild klicken!<\/p>\n<blockquote><p>Vor 150 Jahren, am 20. Oktober 1859, kam im amerikanischen Vermont John Dewey zur Welt. Der sp\u00e4tere P\u00e4dagoge und Philosoph erlebte die Folgen des amerikanischen B\u00fcrgerkrieges, das Auf und Ab zwischen Wohlstand und Rezession, sowie die beiden Weltkriege und den Aufschwung danach. In seinen p\u00e4dagogischen Prinzipien stellte er das Lernen \u00fcber strenge Lehrpl\u00e4ne und wandte sich gegen autorit\u00e4re Methoden. 100 Sekunden Wissen &#8211; von Angelika Schett.<\/p><\/blockquote>\n<p>Doch h\u00f6ren Sie selbst!<\/p>","protected":false},"excerpt":{"rendered":"<p>Wieder einmal ein p\u00e4dagogischer 100-Sekunden-Beitrag von Radio DRS 2! Zum Anh\u00f6ren aufs Bild klicken! Vor 150 Jahren, am 20. Oktober 1859, kam im amerikanischen Vermont John Dewey zur Welt. Der sp\u00e4tere P\u00e4dagoge und Philosoph erlebte die Folgen des amerikanischen B\u00fcrgerkrieges, &hellip; <a href=\"http:\/\/kathrinfutter.ch\/blog\/100-sekunden-wissen-john-dewey\">Weiterlesen <span class=\"meta-nav\">&rarr;<\/span><\/a><\/p>\n","protected":false},"author":1,"featured_media":0,"comment_status":"open","ping_status":"open","sticky":false,"template":"","format":"standard","meta":{"footnotes":""},"categories":[53,5],"tags":[],"class_list":["post-479","post","type-post","status-publish","format-standard","hentry","category-bildung","category-didaktik"],"aioseo_notices":[],"_links":{"self":[{"href":"http:\/\/kathrinfutter.ch\/blog\/wp-json\/wp\/v2\/posts\/479"}],"collection":[{"href":"http:\/\/kathrinfutter.ch\/blog\/wp-json\/wp\/v2\/posts"}],"about":[{"href":"http:\/\/kathrinfutter.ch\/blog\/wp-json\/wp\/v2\/types\/post"}],"author":[{"embeddable":true,"href":"http:\/\/kathrinfutter.ch\/blog\/wp-json\/wp\/v2\/users\/1"}],"replies":[{"embeddable":true,"href":"http:\/\/kathrinfutter.ch\/blog\/wp-json\/wp\/v2\/comments?post=479"}],"version-history":[{"count":12,"href":"http:\/\/kathrinfutter.ch\/blog\/wp-json\/wp\/v2\/posts\/479\/revisions"}],"predecessor-version":[{"id":492,"href":"http:\/\/kathrinfutter.ch\/blog\/wp-json\/wp\/v2\/posts\/479\/revisions\/492"}],"wp:attachment":[{"href":"http:\/\/kathrinfutter.ch\/blog\/wp-json\/wp\/v2\/media?parent=479"}],"wp:term":[{"taxonomy":"category","embeddable":true,"href":"http:\/\/kathrinfutter.ch\/blog\/wp-json\/wp\/v2\/categories?post=479"},{"taxonomy":"post_tag","embeddable":true,"href":"http:\/\/kathrinfutter.ch\/blog\/wp-json\/wp\/v2\/tags?post=479"}],"curies":[{"name":"wp","href":"https:\/\/api.w.org\/{rel}","templated":true}]}}