{"id":126,"date":"2008-11-03T08:59:54","date_gmt":"2008-11-03T14:59:54","guid":{"rendered":"http:\/\/kathrinfutter.ch\/blog\/?p=126"},"modified":"2008-11-15T10:54:56","modified_gmt":"2008-11-15T16:54:56","slug":"via-ohren-zum-bildungsfutter","status":"publish","type":"post","link":"https:\/\/kathrinfutter.ch\/blog\/via-ohren-zum-bildungsfutter","title":{"rendered":"Via Ohren- zum Bildungsfutter&#8230;"},"content":{"rendered":"<div class=\"twoclick_social_bookmarks_post_126 social_share_privacy clearfix 1.6.4 locale-de_DE sprite-de_DE\"><\/div><div class=\"twoclick-js\"><script type=\"text\/javascript\">\/* <![CDATA[ *\/\njQuery(document).ready(function($){if($('.twoclick_social_bookmarks_post_126')){$('.twoclick_social_bookmarks_post_126').socialSharePrivacy({\"txt_help\":\"Wenn Sie diese Felder durch einen Klick aktivieren, werden Informationen an Facebook, Twitter, Flattr, Xing, t3n, LinkedIn, Pinterest oder Google eventuell ins Ausland \\u00fcbertragen und unter Umst\\u00e4nden auch dort gespeichert. N\\u00e4heres erfahren Sie durch einen Klick auf das <em>i<\\\/em>.\",\"settings_perma\":\"Dauerhaft aktivieren und Daten\\u00fcber-tragung zustimmen:\",\"info_link\":\"http:\\\/\\\/www.heise.de\\\/ct\\\/artikel\\\/2-Klicks-fuer-mehr-Datenschutz-1333879.html\",\"uri\":\"https:\\\/\\\/kathrinfutter.ch\\\/blog\\\/via-ohren-zum-bildungsfutter\",\"post_id\":126,\"post_title_referrer_track\":\"Via+Ohren-+zum+Bildungsfutter%26%238230%3B\",\"display_infobox\":\"on\"});}});\n\/* ]]> *\/<\/script><\/div><p>Im heutigen Tagesanzeiger ver\u00f6ffentliche Matthias Sch\u00fcssler den unten stehenden Artikel:<\/p>\n<p><span class=\"Apple-style-span\" style=\"color: #0000ee; text-decoration: underline\"><a href=\"http:\/\/kathrinfutter.ch\/blog\/wp-content\/uploads\/2008\/11\/ohrenfutter.png\" title=\"ohrenfutter.png\"><img decoding=\"async\" src=\"http:\/\/kathrinfutter.ch\/blog\/wp-content\/uploads\/2008\/11\/ohrenfutter.png\" alt=\"ohrenfutter.png\" \/><\/a><\/span><\/p>\n<p>Das &#8222;Ohrenfutter&#8220; ist mir nat\u00fcrlich (in Anlehnung ans &#8222;Bildungsfutter&#8220;) sofort aufgefallen. Da ich zudem eine begeisterte H\u00f6rerin des &#8222;<a href=\"http:\/\/digitalk.kaywa.ch\/\" target=\"_blank\">Digitalk<\/a>&#8220; bin, mir schon viele Podcasts von Matthias Sch\u00fcssler und Roger Zedi angeh\u00f6rt habe und immer reichhaltiges &#8222;Bildungsfutter via Ohrenfutter&#8220; bekam, m\u00f6chte ich mit diesem Blogbeitrag den beiden ein MERCI zukommen lassen und herzlich zum zweij\u00e4hrigen Geburtstag dieses h\u00f6renswerten Podcasts gratulieren!<\/p>\n<p>Hier gehts zum aktuellen &#8222;<a href=\"http:\/\/digitalk.kaywa.ch\/\" target=\"_blank\">Digitalk&#8220;<\/a>!Und\u00a0<a href=\"http:\/\/www.kathrinfutter.ch\/KF\/Texte\/tages-anzeiger_20081103_ohrenfutter.pdf\">hier<\/a>\u00a0zur ganzen Seite 54 des Tages-Anzeiger Artikels vom 3. November 2008.\u00a0<\/p>","protected":false},"excerpt":{"rendered":"<p>Im heutigen Tagesanzeiger ver\u00f6ffentliche Matthias Sch\u00fcssler den unten stehenden Artikel: Das &#8222;Ohrenfutter&#8220; ist mir nat\u00fcrlich (in Anlehnung ans &#8222;Bildungsfutter&#8220;) sofort aufgefallen. Da ich zudem eine begeisterte H\u00f6rerin des &#8222;Digitalk&#8220; bin, mir schon viele Podcasts von Matthias Sch\u00fcssler und Roger Zedi &hellip; <a href=\"https:\/\/kathrinfutter.ch\/blog\/via-ohren-zum-bildungsfutter\">Weiterlesen <span class=\"meta-nav\">&rarr;<\/span><\/a><\/p>\n","protected":false},"author":1,"featured_media":0,"comment_status":"open","ping_status":"open","sticky":false,"template":"","format":"standard","meta":{"footnotes":""},"categories":[3,6,23],"tags":[],"class_list":["post-126","post","type-post","status-publish","format-standard","hentry","category-diverses","category-technik","category-web20"],"aioseo_notices":[],"_links":{"self":[{"href":"https:\/\/kathrinfutter.ch\/blog\/wp-json\/wp\/v2\/posts\/126"}],"collection":[{"href":"https:\/\/kathrinfutter.ch\/blog\/wp-json\/wp\/v2\/posts"}],"about":[{"href":"https:\/\/kathrinfutter.ch\/blog\/wp-json\/wp\/v2\/types\/post"}],"author":[{"embeddable":true,"href":"https:\/\/kathrinfutter.ch\/blog\/wp-json\/wp\/v2\/users\/1"}],"replies":[{"embeddable":true,"href":"https:\/\/kathrinfutter.ch\/blog\/wp-json\/wp\/v2\/comments?post=126"}],"version-history":[{"count":0,"href":"https:\/\/kathrinfutter.ch\/blog\/wp-json\/wp\/v2\/posts\/126\/revisions"}],"wp:attachment":[{"href":"https:\/\/kathrinfutter.ch\/blog\/wp-json\/wp\/v2\/media?parent=126"}],"wp:term":[{"taxonomy":"category","embeddable":true,"href":"https:\/\/kathrinfutter.ch\/blog\/wp-json\/wp\/v2\/categories?post=126"},{"taxonomy":"post_tag","embeddable":true,"href":"https:\/\/kathrinfutter.ch\/blog\/wp-json\/wp\/v2\/tags?post=126"}],"curies":[{"name":"wp","href":"https:\/\/api.w.org\/{rel}","templated":true}]}}