{"id":1685,"date":"2014-07-15T16:10:34","date_gmt":"2014-07-15T14:10:34","guid":{"rendered":"http:\/\/kathrinfutter.ch\/blog\/?p=1685"},"modified":"2014-07-15T16:10:34","modified_gmt":"2014-07-15T14:10:34","slug":"buchtipp-12-coaching-im-fachunterricht-wie-unterrrichtsentwicklung-gelingt","status":"publish","type":"post","link":"https:\/\/kathrinfutter.ch\/blog\/buchtipp-12-coaching-im-fachunterricht-wie-unterrrichtsentwicklung-gelingt","title":{"rendered":"Buchtipp 12: Coaching im Fachunterricht &#8211; wie Unterrrichtsentwicklung gelingt"},"content":{"rendered":"<div class=\"twoclick_social_bookmarks_post_1685 social_share_privacy clearfix 1.6.4 locale-de_DE sprite-de_DE\"><\/div><div class=\"twoclick-js\"><script type=\"text\/javascript\">\/* <![CDATA[ *\/\njQuery(document).ready(function($){if($('.twoclick_social_bookmarks_post_1685')){$('.twoclick_social_bookmarks_post_1685').socialSharePrivacy({\"txt_help\":\"Wenn Sie diese Felder durch einen Klick aktivieren, werden Informationen an Facebook, Twitter, Flattr, Xing, t3n, LinkedIn, Pinterest oder Google eventuell ins Ausland \\u00fcbertragen und unter Umst\\u00e4nden auch dort gespeichert. N\\u00e4heres erfahren Sie durch einen Klick auf das <em>i<\\\/em>.\",\"settings_perma\":\"Dauerhaft aktivieren und Daten\\u00fcber-tragung zustimmen:\",\"info_link\":\"http:\\\/\\\/www.heise.de\\\/ct\\\/artikel\\\/2-Klicks-fuer-mehr-Datenschutz-1333879.html\",\"uri\":\"https:\\\/\\\/kathrinfutter.ch\\\/blog\\\/buchtipp-12-coaching-im-fachunterricht-wie-unterrrichtsentwicklung-gelingt\",\"post_id\":1685,\"post_title_referrer_track\":\"Buchtipp+12%3A+Coaching+im+Fachunterricht+%26%238211%3B+wie+Unterrrichtsentwicklung+gelingt\",\"display_infobox\":\"on\"});}});\n\/* ]]> *\/<\/script><\/div><p><a href=\"http:\/\/kathrinfutter.ch\/blog\/wp-content\/uploads\/2014\/07\/Hirt.jpg\"><img loading=\"lazy\" decoding=\"async\" class=\"alignleft size-medium wp-image-1686\" src=\"http:\/\/kathrinfutter.ch\/blog\/wp-content\/uploads\/2014\/07\/Hirt-206x300.jpg\" alt=\"Hirt\" width=\"206\" height=\"300\" srcset=\"https:\/\/kathrinfutter.ch\/blog\/wp-content\/uploads\/2014\/07\/Hirt-206x300.jpg 206w, https:\/\/kathrinfutter.ch\/blog\/wp-content\/uploads\/2014\/07\/Hirt-703x1024.jpg 703w, https:\/\/kathrinfutter.ch\/blog\/wp-content\/uploads\/2014\/07\/Hirt.jpg 945w\" sizes=\"(max-width: 206px) 100vw, 206px\" \/><\/a><\/p>\n<p>Vor noch nicht allzu langer Zeit erschienen ist das Buch von Ueli Hirt und Kirsten Mattern &#8222;Coaching im Fachunterricht&#8220;, welches ich zur Lekt\u00fcre sehr empfehlen kann.<\/p>\n<p>Hier die Beschreibung des Verlags: &#8222;Wissenschaftliche Erkenntnisse, fach- didaktische Grundlegungen in Deutsch und Mathematik sowie reflektierte Praxisberichte aus der Grundschule und der Sekundarstufe 1 bieten einen theoretischen und praktischen Einstieg in das Thema Fachunterrichts- coaching. Neben Merkmalen und Instrumenten des Fachunterrichtscoachings berichten die Autoren \u00fcber Haltung, Rolle und Kommunikation im Coaching. Zudem stellen sie dessen Bedeutung f\u00fcr die Schulentwicklung heraus.&#8220;<\/p>\n<p>Tats\u00e4chlich enth\u00e4lt das Buch viele praktische Einblicke ins Fachunterrichtscoaching auf der Grundlage des Fachspezifisch-P\u00e4dagogischen Coachings (West &amp; Staub, 2003; Staub, 2001). Wer eine Leseprobe m\u00f6chte, kann diese <a href=\"http:\/\/kathrinfutter.ch\/kf\/texte\/Leseprobe.pdf\" target=\"_blank\">hier<\/a> downloaden.<\/p>\n<p>Eine anregende Sommerlekt\u00fcre!<\/p>","protected":false},"excerpt":{"rendered":"<p>Vor noch nicht allzu langer Zeit erschienen ist das Buch von Ueli Hirt und Kirsten Mattern &#8222;Coaching im Fachunterricht&#8220;, welches ich zur Lekt\u00fcre sehr empfehlen kann. Hier die Beschreibung des Verlags: &#8222;Wissenschaftliche Erkenntnisse, fach- didaktische Grundlegungen in Deutsch und Mathematik &hellip; <a href=\"https:\/\/kathrinfutter.ch\/blog\/buchtipp-12-coaching-im-fachunterricht-wie-unterrrichtsentwicklung-gelingt\">Weiterlesen <span class=\"meta-nav\">&rarr;<\/span><\/a><\/p>\n","protected":false},"author":1,"featured_media":0,"comment_status":"open","ping_status":"open","sticky":false,"template":"","format":"standard","meta":{"footnotes":""},"categories":[7,8],"tags":[131,26],"class_list":["post-1685","post","type-post","status-publish","format-standard","hentry","category-lehrer-innenbildung","category-fachspezifisch-padagogisches-coaching","tag-cfc","tag-unterrichtscoaching"],"aioseo_notices":[],"_links":{"self":[{"href":"https:\/\/kathrinfutter.ch\/blog\/wp-json\/wp\/v2\/posts\/1685"}],"collection":[{"href":"https:\/\/kathrinfutter.ch\/blog\/wp-json\/wp\/v2\/posts"}],"about":[{"href":"https:\/\/kathrinfutter.ch\/blog\/wp-json\/wp\/v2\/types\/post"}],"author":[{"embeddable":true,"href":"https:\/\/kathrinfutter.ch\/blog\/wp-json\/wp\/v2\/users\/1"}],"replies":[{"embeddable":true,"href":"https:\/\/kathrinfutter.ch\/blog\/wp-json\/wp\/v2\/comments?post=1685"}],"version-history":[{"count":8,"href":"https:\/\/kathrinfutter.ch\/blog\/wp-json\/wp\/v2\/posts\/1685\/revisions"}],"predecessor-version":[{"id":1694,"href":"https:\/\/kathrinfutter.ch\/blog\/wp-json\/wp\/v2\/posts\/1685\/revisions\/1694"}],"wp:attachment":[{"href":"https:\/\/kathrinfutter.ch\/blog\/wp-json\/wp\/v2\/media?parent=1685"}],"wp:term":[{"taxonomy":"category","embeddable":true,"href":"https:\/\/kathrinfutter.ch\/blog\/wp-json\/wp\/v2\/categories?post=1685"},{"taxonomy":"post_tag","embeddable":true,"href":"https:\/\/kathrinfutter.ch\/blog\/wp-json\/wp\/v2\/tags?post=1685"}],"curies":[{"name":"wp","href":"https:\/\/api.w.org\/{rel}","templated":true}]}}